{"id":22868,"date":"2021-08-05T13:20:53","date_gmt":"2021-08-05T13:20:53","guid":{"rendered":"https:\/\/trbocom.wpengine.com\/blog\/fuenf-fragen-an-katharina\/"},"modified":"2021-08-05T13:20:53","modified_gmt":"2021-08-05T13:20:53","slug":"fuenf-fragen-an-katharina","status":"publish","type":"post","link":"https:\/\/www.trbo.com\/de\/blog\/fuenf-fragen-an-katharina\/","title":{"rendered":"F\u00fcnf Fragen an\u2026 Katharina"},"content":{"rendered":"<p><strong>Wer sind eigentlich die Leute, die hinter trbo stehen? In unserer Blogserie stellen sich unsere Mitarbeiter vor \u2013 und beantworten f\u00fcnf Fragen \u00fcber sich und ihre Arbeit. Heute mit Katharina Sabel, Senior Projekt Manager. <\/strong><\/p>\n<h2>1. Wie und wann bist du zu trbo gekommen?<\/h2>\n<p><span style=\"font-weight: 400\">Auf der Suche nach einer neuen Herausforderung aber ohne genau zu wissen, wonach ich wirklich suche, kam Caro \u2013 eine unserer trbo-Kolleginnen \u2013 damit ums Eck, dass ich doch unbedingt zu ihrem neuen Arbeitgeber trbo wechseln soll. Caro ist eine meiner ehemaligen Kollegin aus windeln.de Zeiten und mittlerweile gute Freundin, die mich schon von ihrem vorherigen Arbeitgeber \u00fcberzeugen wollte. Irgendwann hat sie mich dazu gebracht, doch mal die trbo Karriere-Seite zu \u00f6ffnen. Dort habe ich die Stelle als Senior Projekt Manager entdeckt, die genau das beschrieb, was ich mir vorstellte. Noch am selben Tag habe ich mich hingesetzt, um die Bewerbung zu schreiben und schon einen Tag sp\u00e4ter kam dann direkt die Einladung zum Vorstellungsgespr\u00e4ch. Von \u201eja ok, da schau ich mal rein\u00a0*augenroll*\u201c zu \u201ekrass, jetzt habe ich pl\u00f6tzlich was cooles Neues in der Hand\u201c sind nur ungef\u00e4hr zwei Wochen vergangen \u2013 das ging mal wirklich schnell bis zur Vertragsunterschrift! Mittlerweile bin ich seit knapp 1,5 Jahren bei trbo.<\/span><\/p>\n<h2>2. Was ist dein Job bei trbo?<\/h2>\n<p><span style=\"font-weight: 400\">Haupts\u00e4chlich betreue ich Kunden, mit denen ich das A\/B-Testing im gro\u00dfen Stil umsetze. Wir definieren detaillierte Ziele der einzelnen Tests, konzeptionieren das technische Setup und pr\u00fcfen die Umsetzung vor Livegang. W\u00e4hrend des laufenden Tests wird dieser t\u00e4glich \u00fcberwacht und nach der Testdauer ausgewertet, um Handlungsempfehlungen zu definieren. Zudem \u00fcbernehme ich diverse weitere Projekte, die komplett unterschiedlich sein k\u00f6nnen \u2013 sowohl von Thematik als auch Umfang. Teil davon ist beispielsweise auch die Konzeption und Begleitung von neuen Features unseres trbo-Tools, was ich sehr spannend finde.<\/span><\/p>\n<h2>3. Was h\u00e4tte dein Ich vor 10 Jahren \u00fcber deine jetzige Berufswahl gesagt?<\/h2>\n<p><span style=\"font-weight: 400\">Wahrscheinlich in etwa das, was ich jetzt auch immer von denen zu h\u00f6ren bekomme, die nichts mit dem Online Business zu tun haben und denen ich versuche trbo bzw. meinen Job zu erkl\u00e4ren \u201eH\u00e4? Ich hab\u2019s nicht verstanden, was ihr da genau macht! Also sowas wie Werbung bei Instagram? Naja, wenn\u2019s dir gef\u00e4llt&#8230;\u201c \ud83d\ude00\u00a0 Das hat sich mittlerweile ein bisschen ge\u00e4ndert und ich glaube in etwa verstanden zu haben, was wir da machen. Und ja, es gef\u00e4llt mir sogar auch.<\/span><\/p>\n<h2>4. Was wissen deine Kollegen bisher nicht \u00fcber dich?<\/h2>\n<p><span style=\"font-weight: 400\">Ich glaube da gibt\u2019s noch eine Menge\u2026 Unter anderem wahrscheinlich, dass mir alles was mit H\u00f6he und Geschwindigkeit zu tun hat, extrem viel Spa\u00df macht. Zumindest solange ich\u2019s nicht selbst steuern muss, sondern ein Profi am Werk ist \u2013 da vertraue ich dann doch eher anderen. \ud83d\ude00\u00a0 Wenn ich mich \u00fcber Turbulenzen im Flugzeug oder extremen Wellengang an Bord freue, gucken mich die meisten schon komisch an. Sowas wie Paragliding oder Ziplining ist zwar cool, aber kein Nervenkitzel. Da hat mich doch eher der Sprung in 45m Tiefe ein bisschen die Knie wackeln lassen. Ein Fallschirmsprung aus dem Flugzeug ist definitiv noch auf meiner Bucketlist!\u00a0<\/span><\/p>\n<p>&nbsp;<\/p>\n<p><span style=\"font-weight: 400\">Viele sind auch \u00fcberrascht, dass ich mich total gerne handwerklich bet\u00e4tige und ich z.B. total gerne M\u00f6bel aufbaue. Wenn mal jemand einen Schlagbohrer oder eine Hands\u00e4ge braucht, meldet euch!<\/span><\/p>\n<h2>5. Was war bisher der peinlichste Moment in deinem Arbeitsleben?<\/h2>\n<p><span style=\"font-weight: 400\">Im Arbeitsleben gab es bisher glaube ich nichts, was mir wirklich peinlich war. Sich am Tag nach der Firmenfeier daran zu erinnern, mit paar Kollegen danach noch in der Bar gewesen, an der Stange getanzt und sich dann die Scheine zugesteckt zu haben, ist ja was ganz Normales, oder? Aber auf dem Weg zum Arbeitsleben, also in der Schule, wollte eine Freundin von mir ant\u00e4uschen, meine Hose herunterzuziehen. Das ging dann aber doch einfacher als gedacht, weshalb mir die Hose pl\u00f6tzlich auf Knie-H\u00f6he hing. Um die Hose schnell wieder hochzuziehen, habe ich versucht, das Ganze durch leichtes H\u00fcpfen zu beschleunigen. Bl\u00f6d nur, dass ich mich dabei auch um 180\u00b0 gedreht habe und damit der ganze Schulhof einmal meine blanke Kehrseite pr\u00e4sentiert habe. Das war mir dann doch etwas unangenehm.<\/span><\/p>\n<h2>Bonus Frage: Was wolltest du als Kind sp\u00e4ter mal werden?<\/h2>\n<p><span style=\"font-weight: 400\">Als Kind habe ich es geliebt, Kleider zu designen \u2013 vor allem Hochzeitskleider \u2013 und auch an der N\u00e4hmaschine habe ich mich schon recht fr\u00fch versucht. Meine Mama ist jetzt noch immer der Meinung, dass Modedesign die richtige Berufswahl gewesen w\u00e4re, weil ich \u201esoo kreativ\u201c war. Auch Innenarchitektur h\u00e4tte ich mir gut vorstellen k\u00f6nnen, aber da habe ich ja noch immer ab und an die M\u00f6glichkeit, mich bei Freunden und Familie auszutoben.<\/span><\/p>\n<p><span style=\"font-weight: 400\">Irgendwann wollte ich auch mal Stewardess werden. Auch wenn ich immer noch super gerne reise, bin ich froh, dass sich meine Berufswahl dann doch noch ge\u00e4ndert hat.<\/span><\/p>\n<p>&nbsp;<\/p>","protected":false},"excerpt":{"rendered":"<p>Wer sind eigentlich die Leute, die hinter trbo stehen? In unserer Blogserie stellen sich unsere Mitarbeiter vor \u2013 und beantworten f\u00fcnf Fragen \u00fcber sich und ihre Arbeit. Heute mit Katharina Sabel, Senior Projekt Manager. 1. Wie und wann bist du zu trbo gekommen? Auf der Suche nach einer neuen Herausforderung aber ohne genau zu wissen, [&hellip;]<\/p>","protected":false},"author":41,"featured_media":22869,"comment_status":"open","ping_status":"open","sticky":false,"template":"","format":"standard","meta":{"_acf_changed":false,"footnotes":""},"categories":[42,47],"tags":[460,510,511,512,506,184],"class_list":["post-22868","post","type-post","status-publish","format-standard","has-post-thumbnail","hentry","category-blog","category-trbo-news","tag-de-original","tag-fragebogen","tag-funf-fragen-an","tag-mitarbeiter","tag-senior-projekt-manager","tag-trbo-intern"],"acf":[],"yoast_head":"<!-- This site is optimized with the Yoast SEO plugin v24.3 - https:\/\/yoast.com\/wordpress\/plugins\/seo\/ -->\n<title>F\u00fcnf Fragen an\u2026 Katharina | trbo<\/title>\n<meta name=\"description\" content=\"In unserer Blogerie stellen sich unsere Mitarbeiter vor. Heute mit Katharina Sabel, Senior Projekt Manager bei trbo.\" \/>\n<meta name=\"robots\" content=\"index, follow, max-snippet:-1, max-image-preview:large, max-video-preview:-1\" \/>\n<link rel=\"canonical\" href=\"https:\/\/www.trbo.com\/de\/blog\/fuenf-fragen-an-katharina\/\" \/>\n<meta property=\"og:locale\" content=\"de_DE\" \/>\n<meta property=\"og:type\" content=\"article\" \/>\n<meta property=\"og:title\" content=\"F\u00fcnf Fragen an\u2026 Katharina | trbo\" \/>\n<meta property=\"og:description\" content=\"In unserer Blogerie stellen sich unsere Mitarbeiter vor. Heute mit Katharina Sabel, Senior Projekt Manager bei trbo.\" \/>\n<meta property=\"og:url\" content=\"https:\/\/www.trbo.com\/de\/blog\/fuenf-fragen-an-katharina\/\" \/>\n<meta property=\"og:site_name\" content=\"trbo\" \/>\n<meta property=\"article:publisher\" content=\"https:\/\/www.facebook.com\/trbo.Deutschland\" \/>\n<meta property=\"article:published_time\" content=\"2021-08-05T13:20:53+00:00\" \/>\n<meta property=\"og:image\" content=\"https:\/\/www.trbo.com\/wp-content\/uploads\/2023\/03\/Beitragsbild_5Fragen_Katharina.png\" \/>\n\t<meta property=\"og:image:width\" content=\"769\" \/>\n\t<meta property=\"og:image:height\" content=\"350\" \/>\n\t<meta property=\"og:image:type\" content=\"image\/png\" \/>\n<meta name=\"author\" content=\"Wafaa Jlaoui\" \/>\n<meta name=\"twitter:card\" content=\"summary_large_image\" \/>\n<meta name=\"twitter:creator\" content=\"@trboDACH\" \/>\n<meta name=\"twitter:site\" content=\"@trboDACH\" \/>\n<meta name=\"twitter:label1\" content=\"Verfasst von\" \/>\n\t<meta name=\"twitter:data1\" content=\"Wafaa Jlaoui\" \/>\n\t<meta name=\"twitter:label2\" content=\"Gesch\u00e4tzte Lesezeit\" \/>\n\t<meta name=\"twitter:data2\" content=\"4 Minuten\" \/>\n<script type=\"application\/ld+json\" class=\"yoast-schema-graph\">{\"@context\":\"https:\/\/schema.org\",\"@graph\":[{\"@type\":\"Article\",\"@id\":\"https:\/\/www.trbo.com\/blog\/fuenf-fragen-an-katharina\/#article\",\"isPartOf\":{\"@id\":\"https:\/\/www.trbo.com\/blog\/fuenf-fragen-an-katharina\/\"},\"author\":{\"name\":\"Wafaa Jlaoui\",\"@id\":\"https:\/\/www.trbo.com\/#\/schema\/person\/a0ec5c393a11f8bb6fa2c3e0193c966f\"},\"headline\":\"F\u00fcnf Fragen an\u2026 Katharina\",\"datePublished\":\"2021-08-05T13:20:53+00:00\",\"dateModified\":\"2021-08-05T13:20:53+00:00\",\"mainEntityOfPage\":{\"@id\":\"https:\/\/www.trbo.com\/blog\/fuenf-fragen-an-katharina\/\"},\"wordCount\":811,\"commentCount\":0,\"publisher\":{\"@id\":\"https:\/\/www.trbo.com\/#organization\"},\"image\":{\"@id\":\"https:\/\/www.trbo.com\/blog\/fuenf-fragen-an-katharina\/#primaryimage\"},\"thumbnailUrl\":\"https:\/\/www.trbo.com\/wp-content\/uploads\/2023\/03\/Beitragsbild_5Fragen_Katharina.png\",\"keywords\":[\"DE Original\",\"Fragebogen\",\"F\u00fcnf Fragen an\",\"Mitarbeiter\",\"Senior Projekt Manager\",\"trbo intern\"],\"articleSection\":[\"Blog\",\"trbo News\"],\"inLanguage\":\"de-DE\",\"potentialAction\":[{\"@type\":\"CommentAction\",\"name\":\"Comment\",\"target\":[\"https:\/\/www.trbo.com\/blog\/fuenf-fragen-an-katharina\/#respond\"]}]},{\"@type\":\"WebPage\",\"@id\":\"https:\/\/www.trbo.com\/blog\/fuenf-fragen-an-katharina\/\",\"url\":\"https:\/\/www.trbo.com\/blog\/fuenf-fragen-an-katharina\/\",\"name\":\"F\u00fcnf Fragen an\u2026 Katharina | trbo\",\"isPartOf\":{\"@id\":\"https:\/\/www.trbo.com\/#website\"},\"primaryImageOfPage\":{\"@id\":\"https:\/\/www.trbo.com\/blog\/fuenf-fragen-an-katharina\/#primaryimage\"},\"image\":{\"@id\":\"https:\/\/www.trbo.com\/blog\/fuenf-fragen-an-katharina\/#primaryimage\"},\"thumbnailUrl\":\"https:\/\/www.trbo.com\/wp-content\/uploads\/2023\/03\/Beitragsbild_5Fragen_Katharina.png\",\"datePublished\":\"2021-08-05T13:20:53+00:00\",\"dateModified\":\"2021-08-05T13:20:53+00:00\",\"description\":\"In unserer Blogerie stellen sich unsere Mitarbeiter vor. Heute mit Katharina Sabel, Senior Projekt Manager bei trbo.\",\"breadcrumb\":{\"@id\":\"https:\/\/www.trbo.com\/blog\/fuenf-fragen-an-katharina\/#breadcrumb\"},\"inLanguage\":\"de-DE\",\"potentialAction\":[{\"@type\":\"ReadAction\",\"target\":[\"https:\/\/www.trbo.com\/blog\/fuenf-fragen-an-katharina\/\"]}]},{\"@type\":\"ImageObject\",\"inLanguage\":\"de-DE\",\"@id\":\"https:\/\/www.trbo.com\/blog\/fuenf-fragen-an-katharina\/#primaryimage\",\"url\":\"https:\/\/www.trbo.com\/wp-content\/uploads\/2023\/03\/Beitragsbild_5Fragen_Katharina.png\",\"contentUrl\":\"https:\/\/www.trbo.com\/wp-content\/uploads\/2023\/03\/Beitragsbild_5Fragen_Katharina.png\",\"width\":769,\"height\":350},{\"@type\":\"BreadcrumbList\",\"@id\":\"https:\/\/www.trbo.com\/blog\/fuenf-fragen-an-katharina\/#breadcrumb\",\"itemListElement\":[{\"@type\":\"ListItem\",\"position\":1,\"name\":\"Home\",\"item\":\"https:\/\/www.trbo.com\/\"},{\"@type\":\"ListItem\",\"position\":2,\"name\":\"F\u00fcnf Fragen an\u2026 Katharina\"}]},{\"@type\":\"WebSite\",\"@id\":\"https:\/\/www.trbo.com\/#website\",\"url\":\"https:\/\/www.trbo.com\/\",\"name\":\"trbo GmbH\",\"description\":\"Website personalization made effortless\",\"publisher\":{\"@id\":\"https:\/\/www.trbo.com\/#organization\"},\"alternateName\":\"trbo\",\"potentialAction\":[{\"@type\":\"SearchAction\",\"target\":{\"@type\":\"EntryPoint\",\"urlTemplate\":\"https:\/\/www.trbo.com\/?s={search_term_string}\"},\"query-input\":{\"@type\":\"PropertyValueSpecification\",\"valueRequired\":true,\"valueName\":\"search_term_string\"}}],\"inLanguage\":\"de-DE\"},{\"@type\":\"Organization\",\"@id\":\"https:\/\/www.trbo.com\/#organization\",\"name\":\"trbo GmbH\",\"alternateName\":\"trbo\",\"url\":\"https:\/\/www.trbo.com\/\",\"logo\":{\"@type\":\"ImageObject\",\"inLanguage\":\"de-DE\",\"@id\":\"https:\/\/www.trbo.com\/#\/schema\/logo\/image\/\",\"url\":\"https:\/\/www.trbo.com\/wp-content\/uploads\/2023\/02\/trbo.svg\",\"contentUrl\":\"https:\/\/www.trbo.com\/wp-content\/uploads\/2023\/02\/trbo.svg\",\"width\":83,\"height\":34,\"caption\":\"trbo GmbH\"},\"image\":{\"@id\":\"https:\/\/www.trbo.com\/#\/schema\/logo\/image\/\"},\"sameAs\":[\"https:\/\/www.facebook.com\/trbo.Deutschland\",\"https:\/\/x.com\/trboDACH\",\"https:\/\/www.linkedin.com\/company\/trbo-com\/\"]},{\"@type\":\"Person\",\"@id\":\"https:\/\/www.trbo.com\/#\/schema\/person\/a0ec5c393a11f8bb6fa2c3e0193c966f\",\"name\":\"Wafaa Jlaoui\",\"url\":\"https:\/\/www.trbo.com\/de\/blog\/author\/wafaa\/\"}]}<\/script>\n<!-- \/ Yoast SEO plugin. -->","yoast_head_json":{"title":"F\u00fcnf Fragen an\u2026 Katharina | trbo","description":"In unserer Blogerie stellen sich unsere Mitarbeiter vor. Heute mit Katharina Sabel, Senior Projekt Manager bei trbo.","robots":{"index":"index","follow":"follow","max-snippet":"max-snippet:-1","max-image-preview":"max-image-preview:large","max-video-preview":"max-video-preview:-1"},"canonical":"https:\/\/www.trbo.com\/de\/blog\/fuenf-fragen-an-katharina\/","og_locale":"de_DE","og_type":"article","og_title":"F\u00fcnf Fragen an\u2026 Katharina | trbo","og_description":"In unserer Blogerie stellen sich unsere Mitarbeiter vor. Heute mit Katharina Sabel, Senior Projekt Manager bei trbo.","og_url":"https:\/\/www.trbo.com\/de\/blog\/fuenf-fragen-an-katharina\/","og_site_name":"trbo","article_publisher":"https:\/\/www.facebook.com\/trbo.Deutschland","article_published_time":"2021-08-05T13:20:53+00:00","og_image":[{"width":769,"height":350,"url":"https:\/\/www.trbo.com\/wp-content\/uploads\/2023\/03\/Beitragsbild_5Fragen_Katharina.png","type":"image\/png"}],"author":"Wafaa Jlaoui","twitter_card":"summary_large_image","twitter_creator":"@trboDACH","twitter_site":"@trboDACH","twitter_misc":{"Verfasst von":"Wafaa Jlaoui","Gesch\u00e4tzte Lesezeit":"4 Minuten"},"schema":{"@context":"https:\/\/schema.org","@graph":[{"@type":"Article","@id":"https:\/\/www.trbo.com\/blog\/fuenf-fragen-an-katharina\/#article","isPartOf":{"@id":"https:\/\/www.trbo.com\/blog\/fuenf-fragen-an-katharina\/"},"author":{"name":"Wafaa Jlaoui","@id":"https:\/\/www.trbo.com\/#\/schema\/person\/a0ec5c393a11f8bb6fa2c3e0193c966f"},"headline":"F\u00fcnf Fragen an\u2026 Katharina","datePublished":"2021-08-05T13:20:53+00:00","dateModified":"2021-08-05T13:20:53+00:00","mainEntityOfPage":{"@id":"https:\/\/www.trbo.com\/blog\/fuenf-fragen-an-katharina\/"},"wordCount":811,"commentCount":0,"publisher":{"@id":"https:\/\/www.trbo.com\/#organization"},"image":{"@id":"https:\/\/www.trbo.com\/blog\/fuenf-fragen-an-katharina\/#primaryimage"},"thumbnailUrl":"https:\/\/www.trbo.com\/wp-content\/uploads\/2023\/03\/Beitragsbild_5Fragen_Katharina.png","keywords":["DE Original","Fragebogen","F\u00fcnf Fragen an","Mitarbeiter","Senior Projekt Manager","trbo intern"],"articleSection":["Blog","trbo News"],"inLanguage":"de-DE","potentialAction":[{"@type":"CommentAction","name":"Comment","target":["https:\/\/www.trbo.com\/blog\/fuenf-fragen-an-katharina\/#respond"]}]},{"@type":"WebPage","@id":"https:\/\/www.trbo.com\/blog\/fuenf-fragen-an-katharina\/","url":"https:\/\/www.trbo.com\/blog\/fuenf-fragen-an-katharina\/","name":"F\u00fcnf Fragen an\u2026 Katharina | trbo","isPartOf":{"@id":"https:\/\/www.trbo.com\/#website"},"primaryImageOfPage":{"@id":"https:\/\/www.trbo.com\/blog\/fuenf-fragen-an-katharina\/#primaryimage"},"image":{"@id":"https:\/\/www.trbo.com\/blog\/fuenf-fragen-an-katharina\/#primaryimage"},"thumbnailUrl":"https:\/\/www.trbo.com\/wp-content\/uploads\/2023\/03\/Beitragsbild_5Fragen_Katharina.png","datePublished":"2021-08-05T13:20:53+00:00","dateModified":"2021-08-05T13:20:53+00:00","description":"In unserer Blogerie stellen sich unsere Mitarbeiter vor. Heute mit Katharina Sabel, Senior Projekt Manager bei trbo.","breadcrumb":{"@id":"https:\/\/www.trbo.com\/blog\/fuenf-fragen-an-katharina\/#breadcrumb"},"inLanguage":"de-DE","potentialAction":[{"@type":"ReadAction","target":["https:\/\/www.trbo.com\/blog\/fuenf-fragen-an-katharina\/"]}]},{"@type":"ImageObject","inLanguage":"de-DE","@id":"https:\/\/www.trbo.com\/blog\/fuenf-fragen-an-katharina\/#primaryimage","url":"https:\/\/www.trbo.com\/wp-content\/uploads\/2023\/03\/Beitragsbild_5Fragen_Katharina.png","contentUrl":"https:\/\/www.trbo.com\/wp-content\/uploads\/2023\/03\/Beitragsbild_5Fragen_Katharina.png","width":769,"height":350},{"@type":"BreadcrumbList","@id":"https:\/\/www.trbo.com\/blog\/fuenf-fragen-an-katharina\/#breadcrumb","itemListElement":[{"@type":"ListItem","position":1,"name":"Home","item":"https:\/\/www.trbo.com\/"},{"@type":"ListItem","position":2,"name":"F\u00fcnf Fragen an\u2026 Katharina"}]},{"@type":"WebSite","@id":"https:\/\/www.trbo.com\/#website","url":"https:\/\/www.trbo.com\/","name":"trbo GmbH","description":"Website Personalisierung einfach gemacht","publisher":{"@id":"https:\/\/www.trbo.com\/#organization"},"alternateName":"trbo","potentialAction":[{"@type":"SearchAction","target":{"@type":"EntryPoint","urlTemplate":"https:\/\/www.trbo.com\/?s={search_term_string}"},"query-input":{"@type":"PropertyValueSpecification","valueRequired":true,"valueName":"search_term_string"}}],"inLanguage":"de-DE"},{"@type":"Organization","@id":"https:\/\/www.trbo.com\/#organization","name":"trbo GmbH","alternateName":"trbo","url":"https:\/\/www.trbo.com\/","logo":{"@type":"ImageObject","inLanguage":"de-DE","@id":"https:\/\/www.trbo.com\/#\/schema\/logo\/image\/","url":"https:\/\/www.trbo.com\/wp-content\/uploads\/2023\/02\/trbo.svg","contentUrl":"https:\/\/www.trbo.com\/wp-content\/uploads\/2023\/02\/trbo.svg","width":83,"height":34,"caption":"trbo GmbH"},"image":{"@id":"https:\/\/www.trbo.com\/#\/schema\/logo\/image\/"},"sameAs":["https:\/\/www.facebook.com\/trbo.Deutschland","https:\/\/x.com\/trboDACH","https:\/\/www.linkedin.com\/company\/trbo-com\/"]},{"@type":"Person","@id":"https:\/\/www.trbo.com\/#\/schema\/person\/a0ec5c393a11f8bb6fa2c3e0193c966f","name":"Wafaa Jlaoui","url":"https:\/\/www.trbo.com\/de\/blog\/author\/wafaa\/"}]}},"_links":{"self":[{"href":"https:\/\/www.trbo.com\/de\/wp-json\/wp\/v2\/posts\/22868","targetHints":{"allow":["GET"]}}],"collection":[{"href":"https:\/\/www.trbo.com\/de\/wp-json\/wp\/v2\/posts"}],"about":[{"href":"https:\/\/www.trbo.com\/de\/wp-json\/wp\/v2\/types\/post"}],"author":[{"embeddable":true,"href":"https:\/\/www.trbo.com\/de\/wp-json\/wp\/v2\/users\/41"}],"replies":[{"embeddable":true,"href":"https:\/\/www.trbo.com\/de\/wp-json\/wp\/v2\/comments?post=22868"}],"version-history":[{"count":0,"href":"https:\/\/www.trbo.com\/de\/wp-json\/wp\/v2\/posts\/22868\/revisions"}],"wp:featuredmedia":[{"embeddable":true,"href":"https:\/\/www.trbo.com\/de\/wp-json\/wp\/v2\/media\/22869"}],"wp:attachment":[{"href":"https:\/\/www.trbo.com\/de\/wp-json\/wp\/v2\/media?parent=22868"}],"wp:term":[{"taxonomy":"category","embeddable":true,"href":"https:\/\/www.trbo.com\/de\/wp-json\/wp\/v2\/categories?post=22868"},{"taxonomy":"post_tag","embeddable":true,"href":"https:\/\/www.trbo.com\/de\/wp-json\/wp\/v2\/tags?post=22868"}],"curies":[{"name":"wp","href":"https:\/\/api.w.org\/{rel}","templated":true}]}}