{"id":22846,"date":"2021-06-29T12:51:51","date_gmt":"2021-06-29T12:51:51","guid":{"rendered":"https:\/\/trbocom.wpengine.com\/blog\/trbo-goes-fashion-trbo-auf-der-digital-fashion-week\/"},"modified":"2021-06-29T12:51:51","modified_gmt":"2021-06-29T12:51:51","slug":"trbo-goes-fashion-trbo-auf-der-digital-fashion-week","status":"publish","type":"post","link":"https:\/\/www.trbo.com\/de\/blog\/trbo-goes-fashion-trbo-auf-der-digital-fashion-week\/","title":{"rendered":"trbo goes Fashion &#8211; trbo auf der Digital Fashion Week"},"content":{"rendered":"<p>&nbsp;<\/p>\n<p><span style=\"font-weight: 400\">Wie versprochen geht es weiter mit spannenden Events. Nach der <\/span><a href=\"https:\/\/www.trbo.com\/de\/keine-sommerpause-fuer-events-trbo-auf-der-digitalkonferenz-personalisierung\/\" target=\"_blank\" rel=\"noopener noreferrer\"><span style=\"font-weight: 400\">Digitalkonferenz Personalisierung<\/span><\/a><span style=\"font-weight: 400\"> steht das n\u00e4chste Digital-Event schon in den Startl\u00f6chern. Vom 06. bis zum 08. Juli findet geht es f\u00fcr uns auf die Digital Fashion Week!\u00a0<\/span><\/p>\n<h2>Was die Modebranche bewegt<\/h2>\n<p><span style=\"font-weight: 400\">Die Digital Fashion Week ist das Event schlechthin in der Fashion Branche. Dieses Mal gibt es gleich drei starke Gastgeber: <\/span><a href=\"https:\/\/ciff.dk\/\" target=\"_blank\" rel=\"noopener noreferrer\"><span style=\"font-weight: 400\">CIFF<\/span><\/a><span style=\"font-weight: 400\">, <\/span><a href=\"https:\/\/fashion.cloud\/\" target=\"_blank\" rel=\"noopener noreferrer\"><span style=\"font-weight: 400\">Fashion Cloud<\/span><\/a><span style=\"font-weight: 400\"> und <\/span><a href=\"https:\/\/www.modefabriek.nl\/nl\" target=\"_blank\" rel=\"noopener noreferrer\"><span style=\"font-weight: 400\">Modefabriek<\/span><\/a><span style=\"font-weight: 400\">. Auf der Mainstage erwarten Euch deshalb drei Tage lang spannende Themen mit \u00fcber 90 Speakern aus der Fashion Branche. Erfahrt mehr \u00fcber aktuelle Trends, digitalen Handel und Tricks f\u00fcr die Zeit nach der Corona-Krise.\u00a0<\/span><\/p>\n<p>&nbsp;<\/p>\n<p><span style=\"font-weight: 400\">Das Event richtet sich an Marken, H\u00e4ndler und Modebegeisterte, die sich \u00fcber die neuesten Kollektionen und Trends sowie spannende Tools f\u00fcr die Modebranche in der eigens geschaffenen IT Solutions Area informieren.\u00a0<\/span><\/p>\n<h2>trbo @IT Solutions Area: Fashion und Personalisierung &#8211; Ein perfektes Match<\/h2>\n<p><span style=\"font-weight: 400\">Neben dem Einkauf aktueller Kollektionen sollen H\u00e4ndler die M\u00f6glichkeit haben, Tools zur Optimierung ihres (digitalen) Auftritts zu finden. In der IT-Solutions Area pr\u00e4sentieren sich Technologiedienstleister an virtuellen St\u00e4nden.\u00a0<\/span><\/p>\n<p>&nbsp;<\/p>\n<p><span style=\"font-weight: 400\">Wenn es um Tools f\u00fcr die Fashion-Branche geht, darf Personalisierung nicht fehlen. <\/span><b>Besucht uns also an unserem virtuellen Stand in der IT Solutions Area! <\/b><span style=\"font-weight: 400\">Die IT Solutions Area findet ihr auf der virtuellen Plattform oben im Men\u00fc oder unter &#8220;Ausstellerhallen&#8221;.<\/span><\/p>\n<p>&nbsp;<\/p>\n<p><span style=\"font-weight: 400\">Wir sind an allen drei Tagen vom 06. Juli bis zum 08. Juli f\u00fcr Euch da. Seht Euch unser Video mit spannenden Beispielen auf der Fashion-Branche an oder sprecht mit uns! Wir haben einige spannende L\u00f6sungen f\u00fcr Inspiration, Optimierung und Personalisierung in Fashion-Shops in petto. Unsere Ansprechpartner stehen Euch f\u00fcr Chats und Videocalls jederzeit zur Verf\u00fcgung.<\/span><\/p>\n<p>&nbsp;<\/p>\n<p style=\"text-align: center;font-size: x-large;text-decoration: underline\"><a href=\"https:\/\/fashion.cloud\/de\/digital-fashion-week\/?utm_source=referral-partners-sponsors&amp;utm_medium=email&amp;utm_campaign=socialpals&amp;utm_content=dfw21-mail1\">Jetzt hier kostenlos anmelden! <\/a><\/p>\n<p>&nbsp;<\/p>\n<p><span style=\"font-weight: 400\">Wir freuen uns darauf, Euch auf der Digital Fashion Week zu sehen!\u00a0<\/span><\/p>\n<p>&nbsp;<\/p>\n<p><span style=\"font-weight: 400\">Ihr k\u00f6nnt es auch kaum erwarten und m\u00f6chtet gleich den Fashion-trbo z\u00fcnden? <\/span><a href=\"https:\/\/www.trbo.com\/de\/demo-anfragen\/\" target=\"_blank\" rel=\"noopener noreferrer\">Dann meldet Euch doch jetzt schon bei uns!\u00a0<\/a><\/p>\n<p>&nbsp;<\/p>","protected":false},"excerpt":{"rendered":"<p>&nbsp; Wie versprochen geht es weiter mit spannenden Events. Nach der Digitalkonferenz Personalisierung steht das n\u00e4chste Digital-Event schon in den Startl\u00f6chern. Vom 06. bis zum 08. Juli findet geht es f\u00fcr uns auf die Digital Fashion Week!\u00a0 Was die Modebranche bewegt Die Digital Fashion Week ist das Event schlechthin in der Fashion Branche. Dieses Mal [&hellip;]<\/p>","protected":false},"author":41,"featured_media":22847,"comment_status":"open","ping_status":"open","sticky":false,"template":"","format":"standard","meta":{"_acf_changed":false,"footnotes":""},"categories":[41,42,61],"tags":[460,303,90,259,304,476],"class_list":["post-22846","post","type-post","status-publish","format-standard","has-post-thumbnail","hentry","category-allgemein","category-blog","category-events","tag-de-original","tag-digital-fashion-week","tag-event","tag-events","tag-it-solutions","tag-personalisierung"],"acf":[],"yoast_head":"<!-- This site is optimized with the Yoast SEO plugin v24.3 - https:\/\/yoast.com\/wordpress\/plugins\/seo\/ -->\n<title>trbo goes Fashion - trbo auf der Digital Fashion Week | trbo<\/title>\n<meta name=\"description\" content=\"Trefft trbo auf der Digital Fashion Week vom 6.-8.7.2021. Ihr findet uns in der IT Solutions Area!\" \/>\n<meta name=\"robots\" content=\"index, follow, max-snippet:-1, max-image-preview:large, max-video-preview:-1\" \/>\n<link rel=\"canonical\" href=\"https:\/\/www.trbo.com\/de\/blog\/trbo-goes-fashion-trbo-auf-der-digital-fashion-week\/\" \/>\n<meta property=\"og:locale\" content=\"de_DE\" \/>\n<meta property=\"og:type\" content=\"article\" \/>\n<meta property=\"og:title\" content=\"trbo goes Fashion - trbo auf der Digital Fashion Week | trbo\" \/>\n<meta property=\"og:description\" content=\"Trefft trbo auf der Digital Fashion Week vom 6.-8.7.2021. Ihr findet uns in der IT Solutions Area!\" \/>\n<meta property=\"og:url\" content=\"https:\/\/www.trbo.com\/de\/blog\/trbo-goes-fashion-trbo-auf-der-digital-fashion-week\/\" \/>\n<meta property=\"og:site_name\" content=\"trbo\" \/>\n<meta property=\"article:publisher\" content=\"https:\/\/www.facebook.com\/trbo.Deutschland\" \/>\n<meta property=\"article:published_time\" content=\"2021-06-29T12:51:51+00:00\" \/>\n<meta property=\"og:image\" content=\"https:\/\/www.trbo.com\/wp-content\/uploads\/2023\/03\/trbo_Blog_DFW-1.jpg\" \/>\n\t<meta property=\"og:image:width\" content=\"769\" \/>\n\t<meta property=\"og:image:height\" content=\"350\" \/>\n\t<meta property=\"og:image:type\" content=\"image\/jpeg\" \/>\n<meta name=\"author\" content=\"Wafaa Jlaoui\" \/>\n<meta name=\"twitter:card\" content=\"summary_large_image\" \/>\n<meta name=\"twitter:creator\" content=\"@trboDACH\" \/>\n<meta name=\"twitter:site\" content=\"@trboDACH\" \/>\n<meta name=\"twitter:label1\" content=\"Verfasst von\" \/>\n\t<meta name=\"twitter:data1\" content=\"Wafaa Jlaoui\" \/>\n\t<meta name=\"twitter:label2\" content=\"Gesch\u00e4tzte Lesezeit\" \/>\n\t<meta name=\"twitter:data2\" content=\"2 Minuten\" \/>\n<script type=\"application\/ld+json\" class=\"yoast-schema-graph\">{\"@context\":\"https:\/\/schema.org\",\"@graph\":[{\"@type\":\"Article\",\"@id\":\"https:\/\/www.trbo.com\/blog\/trbo-goes-fashion-trbo-auf-der-digital-fashion-week\/#article\",\"isPartOf\":{\"@id\":\"https:\/\/www.trbo.com\/blog\/trbo-goes-fashion-trbo-auf-der-digital-fashion-week\/\"},\"author\":{\"name\":\"Wafaa Jlaoui\",\"@id\":\"https:\/\/www.trbo.com\/#\/schema\/person\/a0ec5c393a11f8bb6fa2c3e0193c966f\"},\"headline\":\"trbo goes Fashion &#8211; trbo auf der Digital Fashion Week\",\"datePublished\":\"2021-06-29T12:51:51+00:00\",\"dateModified\":\"2021-06-29T12:51:51+00:00\",\"mainEntityOfPage\":{\"@id\":\"https:\/\/www.trbo.com\/blog\/trbo-goes-fashion-trbo-auf-der-digital-fashion-week\/\"},\"wordCount\":333,\"commentCount\":0,\"publisher\":{\"@id\":\"https:\/\/www.trbo.com\/#organization\"},\"image\":{\"@id\":\"https:\/\/www.trbo.com\/blog\/trbo-goes-fashion-trbo-auf-der-digital-fashion-week\/#primaryimage\"},\"thumbnailUrl\":\"https:\/\/www.trbo.com\/wp-content\/uploads\/2023\/03\/trbo_Blog_DFW-1.jpg\",\"keywords\":[\"DE Original\",\"Digital Fashion Week\",\"Event\",\"Events\",\"IT-Solutions\",\"Personalisierung\"],\"articleSection\":{\"1\":\"Blog\",\"2\":\"Events\"},\"inLanguage\":\"de-DE\",\"potentialAction\":[{\"@type\":\"CommentAction\",\"name\":\"Comment\",\"target\":[\"https:\/\/www.trbo.com\/blog\/trbo-goes-fashion-trbo-auf-der-digital-fashion-week\/#respond\"]}]},{\"@type\":\"WebPage\",\"@id\":\"https:\/\/www.trbo.com\/blog\/trbo-goes-fashion-trbo-auf-der-digital-fashion-week\/\",\"url\":\"https:\/\/www.trbo.com\/blog\/trbo-goes-fashion-trbo-auf-der-digital-fashion-week\/\",\"name\":\"trbo goes Fashion - trbo auf der Digital Fashion Week | trbo\",\"isPartOf\":{\"@id\":\"https:\/\/www.trbo.com\/#website\"},\"primaryImageOfPage\":{\"@id\":\"https:\/\/www.trbo.com\/blog\/trbo-goes-fashion-trbo-auf-der-digital-fashion-week\/#primaryimage\"},\"image\":{\"@id\":\"https:\/\/www.trbo.com\/blog\/trbo-goes-fashion-trbo-auf-der-digital-fashion-week\/#primaryimage\"},\"thumbnailUrl\":\"https:\/\/www.trbo.com\/wp-content\/uploads\/2023\/03\/trbo_Blog_DFW-1.jpg\",\"datePublished\":\"2021-06-29T12:51:51+00:00\",\"dateModified\":\"2021-06-29T12:51:51+00:00\",\"description\":\"Trefft trbo auf der Digital Fashion Week vom 6.-8.7.2021. Ihr findet uns in der IT Solutions Area!\",\"breadcrumb\":{\"@id\":\"https:\/\/www.trbo.com\/blog\/trbo-goes-fashion-trbo-auf-der-digital-fashion-week\/#breadcrumb\"},\"inLanguage\":\"de-DE\",\"potentialAction\":[{\"@type\":\"ReadAction\",\"target\":[\"https:\/\/www.trbo.com\/blog\/trbo-goes-fashion-trbo-auf-der-digital-fashion-week\/\"]}]},{\"@type\":\"ImageObject\",\"inLanguage\":\"de-DE\",\"@id\":\"https:\/\/www.trbo.com\/blog\/trbo-goes-fashion-trbo-auf-der-digital-fashion-week\/#primaryimage\",\"url\":\"https:\/\/www.trbo.com\/wp-content\/uploads\/2023\/03\/trbo_Blog_DFW-1.jpg\",\"contentUrl\":\"https:\/\/www.trbo.com\/wp-content\/uploads\/2023\/03\/trbo_Blog_DFW-1.jpg\",\"width\":769,\"height\":350},{\"@type\":\"BreadcrumbList\",\"@id\":\"https:\/\/www.trbo.com\/blog\/trbo-goes-fashion-trbo-auf-der-digital-fashion-week\/#breadcrumb\",\"itemListElement\":[{\"@type\":\"ListItem\",\"position\":1,\"name\":\"Home\",\"item\":\"https:\/\/www.trbo.com\/\"},{\"@type\":\"ListItem\",\"position\":2,\"name\":\"trbo goes Fashion &#8211; trbo auf der Digital Fashion Week\"}]},{\"@type\":\"WebSite\",\"@id\":\"https:\/\/www.trbo.com\/#website\",\"url\":\"https:\/\/www.trbo.com\/\",\"name\":\"trbo GmbH\",\"description\":\"Website personalization made effortless\",\"publisher\":{\"@id\":\"https:\/\/www.trbo.com\/#organization\"},\"alternateName\":\"trbo\",\"potentialAction\":[{\"@type\":\"SearchAction\",\"target\":{\"@type\":\"EntryPoint\",\"urlTemplate\":\"https:\/\/www.trbo.com\/?s={search_term_string}\"},\"query-input\":{\"@type\":\"PropertyValueSpecification\",\"valueRequired\":true,\"valueName\":\"search_term_string\"}}],\"inLanguage\":\"de-DE\"},{\"@type\":\"Organization\",\"@id\":\"https:\/\/www.trbo.com\/#organization\",\"name\":\"trbo GmbH\",\"alternateName\":\"trbo\",\"url\":\"https:\/\/www.trbo.com\/\",\"logo\":{\"@type\":\"ImageObject\",\"inLanguage\":\"de-DE\",\"@id\":\"https:\/\/www.trbo.com\/#\/schema\/logo\/image\/\",\"url\":\"https:\/\/www.trbo.com\/wp-content\/uploads\/2023\/02\/trbo.svg\",\"contentUrl\":\"https:\/\/www.trbo.com\/wp-content\/uploads\/2023\/02\/trbo.svg\",\"width\":83,\"height\":34,\"caption\":\"trbo GmbH\"},\"image\":{\"@id\":\"https:\/\/www.trbo.com\/#\/schema\/logo\/image\/\"},\"sameAs\":[\"https:\/\/www.facebook.com\/trbo.Deutschland\",\"https:\/\/x.com\/trboDACH\",\"https:\/\/www.linkedin.com\/company\/trbo-com\/\"]},{\"@type\":\"Person\",\"@id\":\"https:\/\/www.trbo.com\/#\/schema\/person\/a0ec5c393a11f8bb6fa2c3e0193c966f\",\"name\":\"Wafaa Jlaoui\",\"url\":\"https:\/\/www.trbo.com\/de\/blog\/author\/wafaa\/\"}]}<\/script>\n<!-- \/ Yoast SEO plugin. -->","yoast_head_json":{"title":"trbo goes Fashion - trbo auf der Digital Fashion Week | trbo","description":"Trefft trbo auf der Digital Fashion Week vom 6.-8.7.2021. Ihr findet uns in der IT Solutions Area!","robots":{"index":"index","follow":"follow","max-snippet":"max-snippet:-1","max-image-preview":"max-image-preview:large","max-video-preview":"max-video-preview:-1"},"canonical":"https:\/\/www.trbo.com\/de\/blog\/trbo-goes-fashion-trbo-auf-der-digital-fashion-week\/","og_locale":"de_DE","og_type":"article","og_title":"trbo goes Fashion - trbo auf der Digital Fashion Week | trbo","og_description":"Trefft trbo auf der Digital Fashion Week vom 6.-8.7.2021. Ihr findet uns in der IT Solutions Area!","og_url":"https:\/\/www.trbo.com\/de\/blog\/trbo-goes-fashion-trbo-auf-der-digital-fashion-week\/","og_site_name":"trbo","article_publisher":"https:\/\/www.facebook.com\/trbo.Deutschland","article_published_time":"2021-06-29T12:51:51+00:00","og_image":[{"width":769,"height":350,"url":"https:\/\/www.trbo.com\/wp-content\/uploads\/2023\/03\/trbo_Blog_DFW-1.jpg","type":"image\/jpeg"}],"author":"Wafaa Jlaoui","twitter_card":"summary_large_image","twitter_creator":"@trboDACH","twitter_site":"@trboDACH","twitter_misc":{"Verfasst von":"Wafaa Jlaoui","Gesch\u00e4tzte Lesezeit":"2 Minuten"},"schema":{"@context":"https:\/\/schema.org","@graph":[{"@type":"Article","@id":"https:\/\/www.trbo.com\/blog\/trbo-goes-fashion-trbo-auf-der-digital-fashion-week\/#article","isPartOf":{"@id":"https:\/\/www.trbo.com\/blog\/trbo-goes-fashion-trbo-auf-der-digital-fashion-week\/"},"author":{"name":"Wafaa Jlaoui","@id":"https:\/\/www.trbo.com\/#\/schema\/person\/a0ec5c393a11f8bb6fa2c3e0193c966f"},"headline":"trbo goes Fashion &#8211; trbo auf der Digital Fashion Week","datePublished":"2021-06-29T12:51:51+00:00","dateModified":"2021-06-29T12:51:51+00:00","mainEntityOfPage":{"@id":"https:\/\/www.trbo.com\/blog\/trbo-goes-fashion-trbo-auf-der-digital-fashion-week\/"},"wordCount":333,"commentCount":0,"publisher":{"@id":"https:\/\/www.trbo.com\/#organization"},"image":{"@id":"https:\/\/www.trbo.com\/blog\/trbo-goes-fashion-trbo-auf-der-digital-fashion-week\/#primaryimage"},"thumbnailUrl":"https:\/\/www.trbo.com\/wp-content\/uploads\/2023\/03\/trbo_Blog_DFW-1.jpg","keywords":["DE Original","Digital Fashion Week","Event","Events","IT-Solutions","Personalisierung"],"articleSection":{"1":"Blog","2":"Events"},"inLanguage":"de-DE","potentialAction":[{"@type":"CommentAction","name":"Comment","target":["https:\/\/www.trbo.com\/blog\/trbo-goes-fashion-trbo-auf-der-digital-fashion-week\/#respond"]}]},{"@type":"WebPage","@id":"https:\/\/www.trbo.com\/blog\/trbo-goes-fashion-trbo-auf-der-digital-fashion-week\/","url":"https:\/\/www.trbo.com\/blog\/trbo-goes-fashion-trbo-auf-der-digital-fashion-week\/","name":"trbo goes Fashion - trbo auf der Digital Fashion Week | trbo","isPartOf":{"@id":"https:\/\/www.trbo.com\/#website"},"primaryImageOfPage":{"@id":"https:\/\/www.trbo.com\/blog\/trbo-goes-fashion-trbo-auf-der-digital-fashion-week\/#primaryimage"},"image":{"@id":"https:\/\/www.trbo.com\/blog\/trbo-goes-fashion-trbo-auf-der-digital-fashion-week\/#primaryimage"},"thumbnailUrl":"https:\/\/www.trbo.com\/wp-content\/uploads\/2023\/03\/trbo_Blog_DFW-1.jpg","datePublished":"2021-06-29T12:51:51+00:00","dateModified":"2021-06-29T12:51:51+00:00","description":"Trefft trbo auf der Digital Fashion Week vom 6.-8.7.2021. Ihr findet uns in der IT Solutions Area!","breadcrumb":{"@id":"https:\/\/www.trbo.com\/blog\/trbo-goes-fashion-trbo-auf-der-digital-fashion-week\/#breadcrumb"},"inLanguage":"de-DE","potentialAction":[{"@type":"ReadAction","target":["https:\/\/www.trbo.com\/blog\/trbo-goes-fashion-trbo-auf-der-digital-fashion-week\/"]}]},{"@type":"ImageObject","inLanguage":"de-DE","@id":"https:\/\/www.trbo.com\/blog\/trbo-goes-fashion-trbo-auf-der-digital-fashion-week\/#primaryimage","url":"https:\/\/www.trbo.com\/wp-content\/uploads\/2023\/03\/trbo_Blog_DFW-1.jpg","contentUrl":"https:\/\/www.trbo.com\/wp-content\/uploads\/2023\/03\/trbo_Blog_DFW-1.jpg","width":769,"height":350},{"@type":"BreadcrumbList","@id":"https:\/\/www.trbo.com\/blog\/trbo-goes-fashion-trbo-auf-der-digital-fashion-week\/#breadcrumb","itemListElement":[{"@type":"ListItem","position":1,"name":"Home","item":"https:\/\/www.trbo.com\/"},{"@type":"ListItem","position":2,"name":"trbo goes Fashion &#8211; trbo auf der Digital Fashion Week"}]},{"@type":"WebSite","@id":"https:\/\/www.trbo.com\/#website","url":"https:\/\/www.trbo.com\/","name":"trbo GmbH","description":"Website Personalisierung einfach gemacht","publisher":{"@id":"https:\/\/www.trbo.com\/#organization"},"alternateName":"trbo","potentialAction":[{"@type":"SearchAction","target":{"@type":"EntryPoint","urlTemplate":"https:\/\/www.trbo.com\/?s={search_term_string}"},"query-input":{"@type":"PropertyValueSpecification","valueRequired":true,"valueName":"search_term_string"}}],"inLanguage":"de-DE"},{"@type":"Organization","@id":"https:\/\/www.trbo.com\/#organization","name":"trbo GmbH","alternateName":"trbo","url":"https:\/\/www.trbo.com\/","logo":{"@type":"ImageObject","inLanguage":"de-DE","@id":"https:\/\/www.trbo.com\/#\/schema\/logo\/image\/","url":"https:\/\/www.trbo.com\/wp-content\/uploads\/2023\/02\/trbo.svg","contentUrl":"https:\/\/www.trbo.com\/wp-content\/uploads\/2023\/02\/trbo.svg","width":83,"height":34,"caption":"trbo GmbH"},"image":{"@id":"https:\/\/www.trbo.com\/#\/schema\/logo\/image\/"},"sameAs":["https:\/\/www.facebook.com\/trbo.Deutschland","https:\/\/x.com\/trboDACH","https:\/\/www.linkedin.com\/company\/trbo-com\/"]},{"@type":"Person","@id":"https:\/\/www.trbo.com\/#\/schema\/person\/a0ec5c393a11f8bb6fa2c3e0193c966f","name":"Wafaa Jlaoui","url":"https:\/\/www.trbo.com\/de\/blog\/author\/wafaa\/"}]}},"_links":{"self":[{"href":"https:\/\/www.trbo.com\/de\/wp-json\/wp\/v2\/posts\/22846","targetHints":{"allow":["GET"]}}],"collection":[{"href":"https:\/\/www.trbo.com\/de\/wp-json\/wp\/v2\/posts"}],"about":[{"href":"https:\/\/www.trbo.com\/de\/wp-json\/wp\/v2\/types\/post"}],"author":[{"embeddable":true,"href":"https:\/\/www.trbo.com\/de\/wp-json\/wp\/v2\/users\/41"}],"replies":[{"embeddable":true,"href":"https:\/\/www.trbo.com\/de\/wp-json\/wp\/v2\/comments?post=22846"}],"version-history":[{"count":0,"href":"https:\/\/www.trbo.com\/de\/wp-json\/wp\/v2\/posts\/22846\/revisions"}],"wp:featuredmedia":[{"embeddable":true,"href":"https:\/\/www.trbo.com\/de\/wp-json\/wp\/v2\/media\/22847"}],"wp:attachment":[{"href":"https:\/\/www.trbo.com\/de\/wp-json\/wp\/v2\/media?parent=22846"}],"wp:term":[{"taxonomy":"category","embeddable":true,"href":"https:\/\/www.trbo.com\/de\/wp-json\/wp\/v2\/categories?post=22846"},{"taxonomy":"post_tag","embeddable":true,"href":"https:\/\/www.trbo.com\/de\/wp-json\/wp\/v2\/tags?post=22846"}],"curies":[{"name":"wp","href":"https:\/\/api.w.org\/{rel}","templated":true}]}}