{"id":22725,"date":"2020-10-09T12:56:30","date_gmt":"2020-10-09T12:56:30","guid":{"rendered":"https:\/\/trbocom.wpengine.com\/blog\/fuenf-fragen-an-kira\/"},"modified":"2026-04-02T10:29:36","modified_gmt":"2026-04-02T08:29:36","slug":"fuenf-fragen-an-kira","status":"publish","type":"post","link":"https:\/\/www.trbo.com\/de\/blog\/fuenf-fragen-an-kira\/","title":{"rendered":"F\u00fcnf Fragen an&#8230; Kira"},"content":{"rendered":"<p><strong>Wer sind eigentlich die Leute, die hinter trbo stehen? In unserer Blogserie &#8220;F\u00fcnf Fragen an&#8230;&#8221; stellen sich unsere Mitarbeiter vor \u2013 und beantworten f\u00fcnf Fragen \u00fcber sich und ihre Arbeit. <span style=\"font-weight: 400;\"><strong>Heute mit unserem Chief Operating Officer Kira Schirl.<\/strong><\/span><\/strong><\/p>\n<h2>1. Wie und wann bist du zu trbo gekommen?<\/h2>\n<p><span style=\"font-weight: 400;\">Der Ruf von trbo hat mich schon fr\u00fch erreicht \u2013 mit dem Go-To Market 2015 war ich schon Feuer und Flamme f\u00fcr das Thema und h\u00e4tte liebend gerne direkt losgelegt und das Business mit aufgebaut. Leider war trbo damals noch nicht so weit, um mich als Allrounder Vollzeit besch\u00e4ftigen zu k\u00f6nnen. Initial wurde dediziert nach Sales-Unterst\u00fctzung gesucht, sowie jemand, der Marketingmaterialen erstellen kann \u2013 ich bin weder ein geborener Vertriebler noch begabt, grafische Umsetzungen vorzunehmen. Daher musste ich mich in Geduld \u00fcben. Anfang 2017 bin ich aber direkt, als sich mir die Chance geboten hat, mit gro\u00dfer Freude eingestiegen!<\/span><\/p>\n<h2>\u00a02. Was ist dein Job bei trbo?<\/h2>\n<p><span style=\"font-weight: 400;\">Ich nenne mich gerne \u201cM\u00e4dchen f\u00fcr alles\u201d. Initial habe ich das Account Management geleitet, das Produkt gemeinsam mit unserer Technik vorangetrieben und das Marketing und HR aufgebaut. Unseren gr\u00f6\u00dften Bereich \u2013 die Kundenbetreuung &#8211; konnte ich schon nach knapp einem Jahr an meine Kollegin Anna abgeben. Mittlerweile liegt mein Fokus auf dem Produkt- und Partnermanagement, auf allen Personal-Aufgaben von Bewerbungsprozessen bis hin zur Lohnabrechnung, sowie in der Steuerung des Marketings. Zu meinen Aufgaben geh\u00f6rt aber auch die unternehmens\u00fcbergreifende Steuerung und Definition von Prozessen. Ich kaufe aber auch mal den Toilettenpapier-Nachschub oder nehme einen Besen zum kehren der riesigen Terrasse in die Hand \u2013 jede Aufgabe die nicht speziell einem Team zugeordnet ist und die halt aktuell anf\u00e4llt. Das ist auch das was mir besonders Spa\u00df macht \u2013 Vielseitiges und sehr abwechslungsreiches Arbeiten. Mal sitze ich \u00fcber Tage hinweg an der Ausarbeitung einer Strategie, f\u00fchre Bewerbungsgespr\u00e4che oder klinke mich kurzfristig in einen Kunden-Call ein, der eine bestimmte Anforderung zu unserem Produkt mit uns besprechen m\u00f6chte.<\/span><\/p>\n<h2>\u00a03. Entweder oder? (Nichtzutreffendes streichen)<\/h2>\n<p><span style=\"font-weight: 400;\">Gummib\u00e4rchen<\/span><span style=\"font-weight: 400;\"> \u2013 <del datetime=\"2020-10-09T08:53:23+00:00\">Schokolade<\/del><\/span><\/p>\n<p><span style=\"font-weight: 400;\">Kaffee<\/span><span style=\"font-weight: 400;\"> \u2013 Tee \u2013 Morgens Kaffee, tags\u00fcber Tee<\/span><\/p>\n<p><span style=\"font-weight: 400;\">Treppe \u2013 <del datetime=\"2020-10-09T08:53:23+00:00\">Aufzug<\/del><\/span><\/p>\n<p><del><span style=\"font-weight: 400;\">Hund<\/span><\/del><span style=\"font-weight: 400;\"> \u2013 Katze<\/span><\/p>\n<p><del><span style=\"font-weight: 400;\">Winter<\/span><\/del><span style=\"font-weight: 400;\"> \u2013 Sommer\u00a0<\/span><\/p>\n<p><span style=\"font-weight: 400;\">Sneaker \u2013 <\/span><del><span style=\"font-weight: 400;\">High-Heels<\/span><\/del><\/p>\n<p><span style=\"font-weight: 400;\">Selbst kochen \u2013 Essen gehen \u2013 S<\/span><span style=\"font-weight: 400;\">olange nicht ich selbst kochen muss, aber bekocht werde, gerne beides<\/span><\/p>\n<p><del><span style=\"font-weight: 400;\">Bier<\/span><\/del><span style=\"font-weight: 400;\"> \u2013 Wein<\/span><\/p>\n<h2><span style=\"font-weight: 400;\">\u00a0<\/span>4. Was h\u00e4tte dein Ich vor 10 Jahren \u00fcber deine jetzige Berufswahl gesagt?<\/h2>\n<p><span style=\"font-weight: 400;\">Vor 10 Jahre habe ich bereits bei einem <\/span><span style=\"font-weight: 400;\">Technologieanbieter <\/span><span style=\"font-weight: 400;\">im Bereich Online-Performance Marketing gearbeitet. Damals im Account Management. Mir war klar, dass ich in der Branche bleiben m\u00f6chte und obwohl ich w\u00e4hrend meines BWL-Studiums noch keine Ber\u00fchrungspunkte mit dem Thema Online\/E-Commerce hatte, habe ich mit dieser Branche meine Berufung gefunden. Dass ich nicht ewig Kunden betreuen werde war mir klar \u2013 um ehrlich zu sein, war das ohnehin eine gro\u00dfe Herausforderung f\u00fcr mich, habe ich doch als Kind nicht mal einen Telefonh\u00f6rer in die Hand nehmen wollen, um eine Pizza zu bestellen. T\u00e4glich mit \u201cfremden\u201d Menschen zu sprechen war bis dahin undenkbar f\u00fcr mich.<\/span><\/p>\n<h2><span style=\"font-weight: 400;\">\u00a0<\/span>5. Was war bisher der peinlichste Moment in deinem Arbeitsleben?<span style=\"font-weight: 400;\">\u00a0<\/span><\/h2>\n<p><span style=\"font-weight: 400;\">Ich erinner mich heute gerne daran zur\u00fcck \u2013 damals war es aber schon sehr peinlich. Frisch als Teamlead habe ich meinem Team vor dem gemeinsamen Wiesn-Ausflug gesagt: Ihr d\u00fcrft alle so viel trinken wie ihr wollt \u2013 seid aber bitte um 10 Uhr am n\u00e4chsten Tag im Office, egal in welchem Zustand. Wer war nicht da? Ich. Die Gr\u00fcnde daf\u00fcr erz\u00e4hle ich gerne pers\u00f6nlich, dazu gibt es auch ein Beweisfoto&#8230;<\/span><\/p>\n<h2>Bonusfrage: Was wolltest du als Kind sp\u00e4ter mal werden?<\/h2>\n<p><span style=\"font-weight: 400;\">Jahrelang Journalistin, ich habe auch f\u00fcr den Jugend-Teil unserer lokalen Zeitung geschrieben. Meine Leidenschaft f\u00fcrs Schreiben darf ich ja auch heute noch ab und zu ausleben, wenn ich mal die Zeit finde ein Whitepaper oder eine Case Study zu verfassen. Als Kind war ich in den Sohn meines Reitstall-Besitzers verliebt, das war eine Phase, in der ich einen Bauernhof mit Pferden f\u00fchren wollte. \ud83d\ude09\u00a0 Damals war ich aber keine 10 Jahre alt&#8230;<\/span><\/p>","protected":false},"excerpt":{"rendered":"<p>Wer sind eigentlich die Leute, die hinter trbo stehen? In unserer Blogserie &#8220;F\u00fcnf Fragen an&#8230;&#8221; stellen sich unsere Mitarbeiter vor \u2013 und beantworten f\u00fcnf Fragen \u00fcber sich und ihre Arbeit. Heute mit unserem Chief Operating Officer Kira Schirl. 1. Wie und wann bist du zu trbo gekommen? Der Ruf von trbo hat mich schon fr\u00fch [&hellip;]<\/p>","protected":false},"author":41,"featured_media":22726,"comment_status":"open","ping_status":"open","sticky":false,"template":"","format":"standard","meta":{"_acf_changed":false,"footnotes":""},"categories":[42,47],"tags":[244,460,510,511,512,184],"class_list":["post-22725","post","type-post","status-publish","format-standard","has-post-thumbnail","hentry","category-blog","category-trbo-news","tag-coo","tag-de-original","tag-fragebogen","tag-funf-fragen-an","tag-mitarbeiter","tag-trbo-intern"],"acf":[],"yoast_head":"<!-- This site is optimized with the Yoast SEO plugin v24.3 - https:\/\/yoast.com\/wordpress\/plugins\/seo\/ -->\n<title>F\u00fcnf Fragen an... Kira | trbo<\/title>\n<meta name=\"description\" content=\"In unserer Blogserie stellen sich die trbos vor \u2013 und beantworten f\u00fcnf Fragen \u00fcber sich und ihre Arbeit. Heute mit unserem COO Kira Schirl.\" \/>\n<meta name=\"robots\" content=\"index, follow, max-snippet:-1, max-image-preview:large, max-video-preview:-1\" \/>\n<link rel=\"canonical\" href=\"https:\/\/www.trbo.com\/de\/blog\/fuenf-fragen-an-kira\/\" \/>\n<meta property=\"og:locale\" content=\"de_DE\" \/>\n<meta property=\"og:type\" content=\"article\" \/>\n<meta property=\"og:title\" content=\"F\u00fcnf Fragen an... Kira | trbo\" \/>\n<meta property=\"og:description\" content=\"In unserer Blogserie stellen sich die trbos vor \u2013 und beantworten f\u00fcnf Fragen \u00fcber sich und ihre Arbeit. Heute mit unserem COO Kira Schirl.\" \/>\n<meta property=\"og:url\" content=\"https:\/\/www.trbo.com\/de\/blog\/fuenf-fragen-an-kira\/\" \/>\n<meta property=\"og:site_name\" content=\"trbo\" \/>\n<meta property=\"article:publisher\" content=\"https:\/\/www.facebook.com\/trbo.Deutschland\" \/>\n<meta property=\"article:published_time\" content=\"2020-10-09T12:56:30+00:00\" \/>\n<meta property=\"article:modified_time\" content=\"2026-04-02T08:29:36+00:00\" \/>\n<meta property=\"og:image\" content=\"https:\/\/www.trbo.com\/wp-content\/uploads\/2023\/03\/Kira_1.png\" \/>\n\t<meta property=\"og:image:width\" content=\"630\" \/>\n\t<meta property=\"og:image:height\" content=\"350\" \/>\n\t<meta property=\"og:image:type\" content=\"image\/png\" \/>\n<meta name=\"author\" content=\"Wafaa Jlaoui\" \/>\n<meta name=\"twitter:card\" content=\"summary_large_image\" \/>\n<meta name=\"twitter:creator\" content=\"@trboDACH\" \/>\n<meta name=\"twitter:site\" content=\"@trboDACH\" \/>\n<meta name=\"twitter:label1\" content=\"Verfasst von\" \/>\n\t<meta name=\"twitter:data1\" content=\"Wafaa Jlaoui\" \/>\n\t<meta name=\"twitter:label2\" content=\"Gesch\u00e4tzte Lesezeit\" \/>\n\t<meta name=\"twitter:data2\" content=\"3 Minuten\" \/>\n<script type=\"application\/ld+json\" class=\"yoast-schema-graph\">{\"@context\":\"https:\/\/schema.org\",\"@graph\":[{\"@type\":\"Article\",\"@id\":\"https:\/\/www.trbo.com\/blog\/fuenf-fragen-an-kira\/#article\",\"isPartOf\":{\"@id\":\"https:\/\/www.trbo.com\/blog\/fuenf-fragen-an-kira\/\"},\"author\":{\"name\":\"Wafaa Jlaoui\",\"@id\":\"https:\/\/www.trbo.com\/#\/schema\/person\/a0ec5c393a11f8bb6fa2c3e0193c966f\"},\"headline\":\"F\u00fcnf Fragen an&#8230; Kira\",\"datePublished\":\"2020-10-09T12:56:30+00:00\",\"dateModified\":\"2026-04-02T08:29:36+00:00\",\"mainEntityOfPage\":{\"@id\":\"https:\/\/www.trbo.com\/blog\/fuenf-fragen-an-kira\/\"},\"wordCount\":660,\"commentCount\":0,\"publisher\":{\"@id\":\"https:\/\/www.trbo.com\/#organization\"},\"image\":{\"@id\":\"https:\/\/www.trbo.com\/blog\/fuenf-fragen-an-kira\/#primaryimage\"},\"thumbnailUrl\":\"https:\/\/www.trbo.com\/wp-content\/uploads\/2023\/03\/Kira_1.png\",\"keywords\":[\"COO\",\"DE Original\",\"Fragebogen\",\"F\u00fcnf Fragen an\",\"Mitarbeiter\",\"trbo intern\"],\"articleSection\":[\"Blog\",\"trbo News\"],\"inLanguage\":\"de-DE\",\"potentialAction\":[{\"@type\":\"CommentAction\",\"name\":\"Comment\",\"target\":[\"https:\/\/www.trbo.com\/blog\/fuenf-fragen-an-kira\/#respond\"]}]},{\"@type\":\"WebPage\",\"@id\":\"https:\/\/www.trbo.com\/blog\/fuenf-fragen-an-kira\/\",\"url\":\"https:\/\/www.trbo.com\/blog\/fuenf-fragen-an-kira\/\",\"name\":\"F\u00fcnf Fragen an... Kira | trbo\",\"isPartOf\":{\"@id\":\"https:\/\/www.trbo.com\/#website\"},\"primaryImageOfPage\":{\"@id\":\"https:\/\/www.trbo.com\/blog\/fuenf-fragen-an-kira\/#primaryimage\"},\"image\":{\"@id\":\"https:\/\/www.trbo.com\/blog\/fuenf-fragen-an-kira\/#primaryimage\"},\"thumbnailUrl\":\"https:\/\/www.trbo.com\/wp-content\/uploads\/2023\/03\/Kira_1.png\",\"datePublished\":\"2020-10-09T12:56:30+00:00\",\"dateModified\":\"2026-04-02T08:29:36+00:00\",\"description\":\"In unserer Blogserie stellen sich die trbos vor \u2013 und beantworten f\u00fcnf Fragen \u00fcber sich und ihre Arbeit. Heute mit unserem COO Kira Schirl.\",\"breadcrumb\":{\"@id\":\"https:\/\/www.trbo.com\/blog\/fuenf-fragen-an-kira\/#breadcrumb\"},\"inLanguage\":\"de-DE\",\"potentialAction\":[{\"@type\":\"ReadAction\",\"target\":[\"https:\/\/www.trbo.com\/blog\/fuenf-fragen-an-kira\/\"]}]},{\"@type\":\"ImageObject\",\"inLanguage\":\"de-DE\",\"@id\":\"https:\/\/www.trbo.com\/blog\/fuenf-fragen-an-kira\/#primaryimage\",\"url\":\"https:\/\/www.trbo.com\/wp-content\/uploads\/2023\/03\/Kira_1.png\",\"contentUrl\":\"https:\/\/www.trbo.com\/wp-content\/uploads\/2023\/03\/Kira_1.png\",\"width\":630,\"height\":350,\"caption\":\"An image of Kira Schirl sitting at a harbor.\"},{\"@type\":\"BreadcrumbList\",\"@id\":\"https:\/\/www.trbo.com\/blog\/fuenf-fragen-an-kira\/#breadcrumb\",\"itemListElement\":[{\"@type\":\"ListItem\",\"position\":1,\"name\":\"Home\",\"item\":\"https:\/\/www.trbo.com\/\"},{\"@type\":\"ListItem\",\"position\":2,\"name\":\"F\u00fcnf Fragen an&#8230; Kira\"}]},{\"@type\":\"WebSite\",\"@id\":\"https:\/\/www.trbo.com\/#website\",\"url\":\"https:\/\/www.trbo.com\/\",\"name\":\"trbo GmbH\",\"description\":\"Website personalization made effortless\",\"publisher\":{\"@id\":\"https:\/\/www.trbo.com\/#organization\"},\"alternateName\":\"trbo\",\"potentialAction\":[{\"@type\":\"SearchAction\",\"target\":{\"@type\":\"EntryPoint\",\"urlTemplate\":\"https:\/\/www.trbo.com\/?s={search_term_string}\"},\"query-input\":{\"@type\":\"PropertyValueSpecification\",\"valueRequired\":true,\"valueName\":\"search_term_string\"}}],\"inLanguage\":\"de-DE\"},{\"@type\":\"Organization\",\"@id\":\"https:\/\/www.trbo.com\/#organization\",\"name\":\"trbo GmbH\",\"alternateName\":\"trbo\",\"url\":\"https:\/\/www.trbo.com\/\",\"logo\":{\"@type\":\"ImageObject\",\"inLanguage\":\"de-DE\",\"@id\":\"https:\/\/www.trbo.com\/#\/schema\/logo\/image\/\",\"url\":\"https:\/\/www.trbo.com\/wp-content\/uploads\/2023\/02\/trbo.svg\",\"contentUrl\":\"https:\/\/www.trbo.com\/wp-content\/uploads\/2023\/02\/trbo.svg\",\"width\":83,\"height\":34,\"caption\":\"trbo GmbH\"},\"image\":{\"@id\":\"https:\/\/www.trbo.com\/#\/schema\/logo\/image\/\"},\"sameAs\":[\"https:\/\/www.facebook.com\/trbo.Deutschland\",\"https:\/\/x.com\/trboDACH\",\"https:\/\/www.linkedin.com\/company\/trbo-com\/\"]},{\"@type\":\"Person\",\"@id\":\"https:\/\/www.trbo.com\/#\/schema\/person\/a0ec5c393a11f8bb6fa2c3e0193c966f\",\"name\":\"Wafaa Jlaoui\",\"url\":\"https:\/\/www.trbo.com\/de\/blog\/author\/wafaa\/\"}]}<\/script>\n<!-- \/ Yoast SEO plugin. -->","yoast_head_json":{"title":"F\u00fcnf Fragen an... Kira | trbo","description":"In unserer Blogserie stellen sich die trbos vor \u2013 und beantworten f\u00fcnf Fragen \u00fcber sich und ihre Arbeit. Heute mit unserem COO Kira Schirl.","robots":{"index":"index","follow":"follow","max-snippet":"max-snippet:-1","max-image-preview":"max-image-preview:large","max-video-preview":"max-video-preview:-1"},"canonical":"https:\/\/www.trbo.com\/de\/blog\/fuenf-fragen-an-kira\/","og_locale":"de_DE","og_type":"article","og_title":"F\u00fcnf Fragen an... Kira | trbo","og_description":"In unserer Blogserie stellen sich die trbos vor \u2013 und beantworten f\u00fcnf Fragen \u00fcber sich und ihre Arbeit. Heute mit unserem COO Kira Schirl.","og_url":"https:\/\/www.trbo.com\/de\/blog\/fuenf-fragen-an-kira\/","og_site_name":"trbo","article_publisher":"https:\/\/www.facebook.com\/trbo.Deutschland","article_published_time":"2020-10-09T12:56:30+00:00","article_modified_time":"2026-04-02T08:29:36+00:00","og_image":[{"width":630,"height":350,"url":"https:\/\/www.trbo.com\/wp-content\/uploads\/2023\/03\/Kira_1.png","type":"image\/png"}],"author":"Wafaa Jlaoui","twitter_card":"summary_large_image","twitter_creator":"@trboDACH","twitter_site":"@trboDACH","twitter_misc":{"Verfasst von":"Wafaa Jlaoui","Gesch\u00e4tzte Lesezeit":"3 Minuten"},"schema":{"@context":"https:\/\/schema.org","@graph":[{"@type":"Article","@id":"https:\/\/www.trbo.com\/blog\/fuenf-fragen-an-kira\/#article","isPartOf":{"@id":"https:\/\/www.trbo.com\/blog\/fuenf-fragen-an-kira\/"},"author":{"name":"Wafaa Jlaoui","@id":"https:\/\/www.trbo.com\/#\/schema\/person\/a0ec5c393a11f8bb6fa2c3e0193c966f"},"headline":"F\u00fcnf Fragen an&#8230; Kira","datePublished":"2020-10-09T12:56:30+00:00","dateModified":"2026-04-02T08:29:36+00:00","mainEntityOfPage":{"@id":"https:\/\/www.trbo.com\/blog\/fuenf-fragen-an-kira\/"},"wordCount":660,"commentCount":0,"publisher":{"@id":"https:\/\/www.trbo.com\/#organization"},"image":{"@id":"https:\/\/www.trbo.com\/blog\/fuenf-fragen-an-kira\/#primaryimage"},"thumbnailUrl":"https:\/\/www.trbo.com\/wp-content\/uploads\/2023\/03\/Kira_1.png","keywords":["COO","DE Original","Fragebogen","F\u00fcnf Fragen an","Mitarbeiter","trbo intern"],"articleSection":["Blog","trbo News"],"inLanguage":"de-DE","potentialAction":[{"@type":"CommentAction","name":"Comment","target":["https:\/\/www.trbo.com\/blog\/fuenf-fragen-an-kira\/#respond"]}]},{"@type":"WebPage","@id":"https:\/\/www.trbo.com\/blog\/fuenf-fragen-an-kira\/","url":"https:\/\/www.trbo.com\/blog\/fuenf-fragen-an-kira\/","name":"F\u00fcnf Fragen an... Kira | trbo","isPartOf":{"@id":"https:\/\/www.trbo.com\/#website"},"primaryImageOfPage":{"@id":"https:\/\/www.trbo.com\/blog\/fuenf-fragen-an-kira\/#primaryimage"},"image":{"@id":"https:\/\/www.trbo.com\/blog\/fuenf-fragen-an-kira\/#primaryimage"},"thumbnailUrl":"https:\/\/www.trbo.com\/wp-content\/uploads\/2023\/03\/Kira_1.png","datePublished":"2020-10-09T12:56:30+00:00","dateModified":"2026-04-02T08:29:36+00:00","description":"In unserer Blogserie stellen sich die trbos vor \u2013 und beantworten f\u00fcnf Fragen \u00fcber sich und ihre Arbeit. Heute mit unserem COO Kira Schirl.","breadcrumb":{"@id":"https:\/\/www.trbo.com\/blog\/fuenf-fragen-an-kira\/#breadcrumb"},"inLanguage":"de-DE","potentialAction":[{"@type":"ReadAction","target":["https:\/\/www.trbo.com\/blog\/fuenf-fragen-an-kira\/"]}]},{"@type":"ImageObject","inLanguage":"de-DE","@id":"https:\/\/www.trbo.com\/blog\/fuenf-fragen-an-kira\/#primaryimage","url":"https:\/\/www.trbo.com\/wp-content\/uploads\/2023\/03\/Kira_1.png","contentUrl":"https:\/\/www.trbo.com\/wp-content\/uploads\/2023\/03\/Kira_1.png","width":630,"height":350,"caption":"An image of Kira Schirl sitting at a harbor."},{"@type":"BreadcrumbList","@id":"https:\/\/www.trbo.com\/blog\/fuenf-fragen-an-kira\/#breadcrumb","itemListElement":[{"@type":"ListItem","position":1,"name":"Home","item":"https:\/\/www.trbo.com\/"},{"@type":"ListItem","position":2,"name":"F\u00fcnf Fragen an&#8230; Kira"}]},{"@type":"WebSite","@id":"https:\/\/www.trbo.com\/#website","url":"https:\/\/www.trbo.com\/","name":"trbo GmbH","description":"Website Personalisierung einfach gemacht","publisher":{"@id":"https:\/\/www.trbo.com\/#organization"},"alternateName":"trbo","potentialAction":[{"@type":"SearchAction","target":{"@type":"EntryPoint","urlTemplate":"https:\/\/www.trbo.com\/?s={search_term_string}"},"query-input":{"@type":"PropertyValueSpecification","valueRequired":true,"valueName":"search_term_string"}}],"inLanguage":"de-DE"},{"@type":"Organization","@id":"https:\/\/www.trbo.com\/#organization","name":"trbo GmbH","alternateName":"trbo","url":"https:\/\/www.trbo.com\/","logo":{"@type":"ImageObject","inLanguage":"de-DE","@id":"https:\/\/www.trbo.com\/#\/schema\/logo\/image\/","url":"https:\/\/www.trbo.com\/wp-content\/uploads\/2023\/02\/trbo.svg","contentUrl":"https:\/\/www.trbo.com\/wp-content\/uploads\/2023\/02\/trbo.svg","width":83,"height":34,"caption":"trbo GmbH"},"image":{"@id":"https:\/\/www.trbo.com\/#\/schema\/logo\/image\/"},"sameAs":["https:\/\/www.facebook.com\/trbo.Deutschland","https:\/\/x.com\/trboDACH","https:\/\/www.linkedin.com\/company\/trbo-com\/"]},{"@type":"Person","@id":"https:\/\/www.trbo.com\/#\/schema\/person\/a0ec5c393a11f8bb6fa2c3e0193c966f","name":"Wafaa Jlaoui","url":"https:\/\/www.trbo.com\/de\/blog\/author\/wafaa\/"}]}},"_links":{"self":[{"href":"https:\/\/www.trbo.com\/de\/wp-json\/wp\/v2\/posts\/22725","targetHints":{"allow":["GET"]}}],"collection":[{"href":"https:\/\/www.trbo.com\/de\/wp-json\/wp\/v2\/posts"}],"about":[{"href":"https:\/\/www.trbo.com\/de\/wp-json\/wp\/v2\/types\/post"}],"author":[{"embeddable":true,"href":"https:\/\/www.trbo.com\/de\/wp-json\/wp\/v2\/users\/41"}],"replies":[{"embeddable":true,"href":"https:\/\/www.trbo.com\/de\/wp-json\/wp\/v2\/comments?post=22725"}],"version-history":[{"count":0,"href":"https:\/\/www.trbo.com\/de\/wp-json\/wp\/v2\/posts\/22725\/revisions"}],"wp:featuredmedia":[{"embeddable":true,"href":"https:\/\/www.trbo.com\/de\/wp-json\/wp\/v2\/media\/22726"}],"wp:attachment":[{"href":"https:\/\/www.trbo.com\/de\/wp-json\/wp\/v2\/media?parent=22725"}],"wp:term":[{"taxonomy":"category","embeddable":true,"href":"https:\/\/www.trbo.com\/de\/wp-json\/wp\/v2\/categories?post=22725"},{"taxonomy":"post_tag","embeddable":true,"href":"https:\/\/www.trbo.com\/de\/wp-json\/wp\/v2\/tags?post=22725"}],"curies":[{"name":"wp","href":"https:\/\/api.w.org\/{rel}","templated":true}]}}