{"id":22676,"date":"2020-04-09T12:18:26","date_gmt":"2020-04-09T12:18:26","guid":{"rendered":"https:\/\/trbocom.wpengine.com\/blog\/das-marketing-legt-den-trbo-ein-anna-schuster-verstaerkt-trbo-als-senior-marketing-managerin\/"},"modified":"2026-04-02T09:57:33","modified_gmt":"2026-04-02T07:57:33","slug":"das-marketing-legt-den-trbo-ein-anna-schuster-verstaerkt-trbo-als-senior-marketing-managerin","status":"publish","type":"post","link":"https:\/\/www.trbo.com\/de\/blog\/das-marketing-legt-den-trbo-ein-anna-schuster-verstaerkt-trbo-als-senior-marketing-managerin\/","title":{"rendered":"Das Marketing legt den trbo ein: Anna Schuster verst\u00e4rkt trbo als Senior Marketing Managerin"},"content":{"rendered":"<p class=\"p1\"><span class=\"s1\">Die 36-j\u00e4hrige geb\u00fcrtige Freiburgerin verlie\u00df ihre badische Heimat bereits vor 18 Jahren, um in der N\u00e4he der Schweizer Grenze Ihre Ausbildung zur Mediengestalterin bei G\u00fcnthart Dekor, dem f\u00fchrenden Unternehmen in der Tortendeko- &amp; Backdekor-Branche zu beginnen.<\/span><\/p>\n<p class=\"p1\"><span class=\"s1\">Nach erfolgreichem Abschluss ihrer Ausbildung\u00a0 folgte sie dem Ruf eines Immobilienunternehmens aus M\u00fcnchen und zog in die bayerische Metropole um ihre T\u00e4tigkeit als stellvertretende Leitung der Grafikabteilung anzutreten.<\/span><\/p>\n<p class=\"p1\"><span class=\"s1\">Nach einigen weiteren Arbeitsjahren und unterschiedlichsten Stationen als Grafik Designerin \u00fcbernahm sie schlie\u00dflich die Projektleitung Marketing und die Funktion des Creative Directors bei der Triebenbacher Betriebs GmbH. Dort zeigte Sie sich hauptverantwortlich f\u00fcr s\u00e4mtliche Grafik- und Marketingaktivit\u00e4ten des auf Metallerzeugnisse spezialisierten Unternehmens.<\/span><\/p>\n<p>&nbsp;<\/p>\n<p class=\"p1\"><span class=\"s1\">In Ihrer letzten Funktion als Head of\u00a0 Marketing &amp; PR bei der Amazonas GmbH, war sie f\u00fcr den Bereich der Babyworld zust\u00e4ndig. Hier besch\u00e4ftigte Sie sich mit dem Relaunch und Design der Marke, dem Packaging der Produkte und der Steigerung des Bekanntheitsgrades insbesondere durch soziale Medien, Pressearbeit und Messe-Auftritte.<\/span><\/p>\n<p>&nbsp;<\/p>\n<p class=\"p1\"><span class=\"s1\">Bei trbo verantwortet Anna nun den grafischen Bereich inklusive der Einhaltung des Corporate Design, Erstellung neuer Designs f\u00fcr Marketing-Materialien, Case Studies und Whitepaper aber auch die fortlaufende Erarbeitung der Unternehmenspr\u00e4sentationen und Webinar-Unterlagen unter grafischen Gesichtspunkten.<\/span><\/p>\n<p>&nbsp;<\/p>\n<p class=\"p1\"><span class=\"s1\">Ihre Freizeit verbringt\u00a0 Anna meist mit ihrem Mann und den beiden Kindern beim Sport, und im Sommer im Biergarten. Sie freut sich jedoch auch \u00fcber ruhigere Tage, um die neuesten Serien bei Netflix zu entdecken. Wenn es die Zeit zul\u00e4sst, widmet sie sich auch gerne neuen Projekten an der N\u00e4hmaschine. Ihre Urlaube verbringt Anna am liebsten mit ihrer Familie (abseits der Corona Krise) in Bella Italia.<\/span><\/p>\n<p>&nbsp;<\/p>\n<p class=\"p1\"><span class=\"s1\">Wir freuen uns sehr mit Anna eine erfahrene Unterst\u00fctzung f\u00fcr unser Marketing-Team an Bord zu haben. Herzlich Willkommen bei uns, liebe Anna!<\/span><\/p>","protected":false},"excerpt":{"rendered":"<p>Die 36-j\u00e4hrige geb\u00fcrtige Freiburgerin verlie\u00df ihre badische Heimat bereits vor 18 Jahren, um in der N\u00e4he der Schweizer Grenze Ihre Ausbildung zur Mediengestalterin bei G\u00fcnthart Dekor, dem f\u00fchrenden Unternehmen in der Tortendeko- &amp; Backdekor-Branche zu beginnen. Nach erfolgreichem Abschluss ihrer Ausbildung\u00a0 folgte sie dem Ruf eines Immobilienunternehmens aus M\u00fcnchen und zog in die bayerische Metropole [&hellip;]<\/p>","protected":false},"author":41,"featured_media":22677,"comment_status":"open","ping_status":"open","sticky":false,"template":"","format":"standard","meta":{"_acf_changed":false,"footnotes":""},"categories":[42,47],"tags":[460,127,113,128,129,474],"class_list":["post-22676","post","type-post","status-publish","format-standard","has-post-thumbnail","hentry","category-blog","category-trbo-news","tag-de-original","tag-karriere","tag-marketing","tag-neue-mitarbeiter","tag-verstarkung","tag-wachstum"],"acf":[],"yoast_head":"<!-- This site is optimized with the Yoast SEO plugin v24.3 - https:\/\/yoast.com\/wordpress\/plugins\/seo\/ -->\n<title>Das Marketing legt den trbo ein: Anna Schuster verst\u00e4rkt trbo als Senior Marketing Managerin | trbo<\/title>\n<meta name=\"description\" content=\"Anna Schuster verst\u00e4rkt trbo als Senior Marketing Managerin und verantwortet ab sofort den grafischen Bereich des Marketings.\" \/>\n<meta name=\"robots\" content=\"index, follow, max-snippet:-1, max-image-preview:large, max-video-preview:-1\" \/>\n<link rel=\"canonical\" href=\"https:\/\/www.trbo.com\/de\/blog\/das-marketing-legt-den-trbo-ein-anna-schuster-verstaerkt-trbo-als-senior-marketing-managerin\/\" \/>\n<meta property=\"og:locale\" content=\"de_DE\" \/>\n<meta property=\"og:type\" content=\"article\" \/>\n<meta property=\"og:title\" content=\"Das Marketing legt den trbo ein: Anna Schuster verst\u00e4rkt trbo als Senior Marketing Managerin | trbo\" \/>\n<meta property=\"og:description\" content=\"Anna Schuster verst\u00e4rkt trbo als Senior Marketing Managerin und verantwortet ab sofort den grafischen Bereich des Marketings.\" \/>\n<meta property=\"og:url\" content=\"https:\/\/www.trbo.com\/de\/blog\/das-marketing-legt-den-trbo-ein-anna-schuster-verstaerkt-trbo-als-senior-marketing-managerin\/\" \/>\n<meta property=\"og:site_name\" content=\"trbo\" \/>\n<meta property=\"article:publisher\" content=\"https:\/\/www.facebook.com\/trbo.Deutschland\" \/>\n<meta property=\"article:published_time\" content=\"2020-04-09T12:18:26+00:00\" \/>\n<meta property=\"article:modified_time\" content=\"2026-04-02T07:57:33+00:00\" \/>\n<meta property=\"og:image\" content=\"https:\/\/www.trbo.com\/wp-content\/uploads\/2023\/03\/Anna_Beitragsbild.jpg\" \/>\n\t<meta property=\"og:image:width\" content=\"630\" \/>\n\t<meta property=\"og:image:height\" content=\"350\" \/>\n\t<meta property=\"og:image:type\" content=\"image\/jpeg\" \/>\n<meta name=\"author\" content=\"Wafaa Jlaoui\" \/>\n<meta name=\"twitter:card\" content=\"summary_large_image\" \/>\n<meta name=\"twitter:creator\" content=\"@trboDACH\" \/>\n<meta name=\"twitter:site\" content=\"@trboDACH\" \/>\n<meta name=\"twitter:label1\" content=\"Verfasst von\" \/>\n\t<meta name=\"twitter:data1\" content=\"Wafaa Jlaoui\" \/>\n\t<meta name=\"twitter:label2\" content=\"Gesch\u00e4tzte Lesezeit\" \/>\n\t<meta name=\"twitter:data2\" content=\"2 Minuten\" \/>\n<script type=\"application\/ld+json\" class=\"yoast-schema-graph\">{\"@context\":\"https:\/\/schema.org\",\"@graph\":[{\"@type\":\"Article\",\"@id\":\"https:\/\/www.trbo.com\/blog\/das-marketing-legt-den-trbo-ein-anna-schuster-verstaerkt-trbo-als-senior-marketing-managerin\/#article\",\"isPartOf\":{\"@id\":\"https:\/\/www.trbo.com\/blog\/das-marketing-legt-den-trbo-ein-anna-schuster-verstaerkt-trbo-als-senior-marketing-managerin\/\"},\"author\":{\"name\":\"Wafaa Jlaoui\",\"@id\":\"https:\/\/www.trbo.com\/#\/schema\/person\/a0ec5c393a11f8bb6fa2c3e0193c966f\"},\"headline\":\"Das Marketing legt den trbo ein: Anna Schuster verst\u00e4rkt trbo als Senior Marketing Managerin\",\"datePublished\":\"2020-04-09T12:18:26+00:00\",\"dateModified\":\"2026-04-02T07:57:33+00:00\",\"mainEntityOfPage\":{\"@id\":\"https:\/\/www.trbo.com\/blog\/das-marketing-legt-den-trbo-ein-anna-schuster-verstaerkt-trbo-als-senior-marketing-managerin\/\"},\"wordCount\":316,\"commentCount\":0,\"publisher\":{\"@id\":\"https:\/\/www.trbo.com\/#organization\"},\"image\":{\"@id\":\"https:\/\/www.trbo.com\/blog\/das-marketing-legt-den-trbo-ein-anna-schuster-verstaerkt-trbo-als-senior-marketing-managerin\/#primaryimage\"},\"thumbnailUrl\":\"https:\/\/www.trbo.com\/wp-content\/uploads\/2023\/03\/Anna_Beitragsbild.jpg\",\"keywords\":[\"DE Original\",\"Karriere\",\"Marketing\",\"Neue Mitarbeiter\",\"Verst\u00e4rkung\",\"Wachstum\"],\"articleSection\":[\"Blog\",\"trbo News\"],\"inLanguage\":\"de-DE\",\"potentialAction\":[{\"@type\":\"CommentAction\",\"name\":\"Comment\",\"target\":[\"https:\/\/www.trbo.com\/blog\/das-marketing-legt-den-trbo-ein-anna-schuster-verstaerkt-trbo-als-senior-marketing-managerin\/#respond\"]}]},{\"@type\":\"WebPage\",\"@id\":\"https:\/\/www.trbo.com\/blog\/das-marketing-legt-den-trbo-ein-anna-schuster-verstaerkt-trbo-als-senior-marketing-managerin\/\",\"url\":\"https:\/\/www.trbo.com\/blog\/das-marketing-legt-den-trbo-ein-anna-schuster-verstaerkt-trbo-als-senior-marketing-managerin\/\",\"name\":\"Das Marketing legt den trbo ein: Anna Schuster verst\u00e4rkt trbo als Senior Marketing Managerin | trbo\",\"isPartOf\":{\"@id\":\"https:\/\/www.trbo.com\/#website\"},\"primaryImageOfPage\":{\"@id\":\"https:\/\/www.trbo.com\/blog\/das-marketing-legt-den-trbo-ein-anna-schuster-verstaerkt-trbo-als-senior-marketing-managerin\/#primaryimage\"},\"image\":{\"@id\":\"https:\/\/www.trbo.com\/blog\/das-marketing-legt-den-trbo-ein-anna-schuster-verstaerkt-trbo-als-senior-marketing-managerin\/#primaryimage\"},\"thumbnailUrl\":\"https:\/\/www.trbo.com\/wp-content\/uploads\/2023\/03\/Anna_Beitragsbild.jpg\",\"datePublished\":\"2020-04-09T12:18:26+00:00\",\"dateModified\":\"2026-04-02T07:57:33+00:00\",\"description\":\"Anna Schuster verst\u00e4rkt trbo als Senior Marketing Managerin und verantwortet ab sofort den grafischen Bereich des Marketings.\",\"breadcrumb\":{\"@id\":\"https:\/\/www.trbo.com\/blog\/das-marketing-legt-den-trbo-ein-anna-schuster-verstaerkt-trbo-als-senior-marketing-managerin\/#breadcrumb\"},\"inLanguage\":\"de-DE\",\"potentialAction\":[{\"@type\":\"ReadAction\",\"target\":[\"https:\/\/www.trbo.com\/blog\/das-marketing-legt-den-trbo-ein-anna-schuster-verstaerkt-trbo-als-senior-marketing-managerin\/\"]}]},{\"@type\":\"ImageObject\",\"inLanguage\":\"de-DE\",\"@id\":\"https:\/\/www.trbo.com\/blog\/das-marketing-legt-den-trbo-ein-anna-schuster-verstaerkt-trbo-als-senior-marketing-managerin\/#primaryimage\",\"url\":\"https:\/\/www.trbo.com\/wp-content\/uploads\/2023\/03\/Anna_Beitragsbild.jpg\",\"contentUrl\":\"https:\/\/www.trbo.com\/wp-content\/uploads\/2023\/03\/Anna_Beitragsbild.jpg\",\"width\":630,\"height\":350,\"caption\":\"Profile picture of Anna Schuster\"},{\"@type\":\"BreadcrumbList\",\"@id\":\"https:\/\/www.trbo.com\/blog\/das-marketing-legt-den-trbo-ein-anna-schuster-verstaerkt-trbo-als-senior-marketing-managerin\/#breadcrumb\",\"itemListElement\":[{\"@type\":\"ListItem\",\"position\":1,\"name\":\"Home\",\"item\":\"https:\/\/www.trbo.com\/\"},{\"@type\":\"ListItem\",\"position\":2,\"name\":\"Das Marketing legt den trbo ein: Anna Schuster verst\u00e4rkt trbo als Senior Marketing Managerin\"}]},{\"@type\":\"WebSite\",\"@id\":\"https:\/\/www.trbo.com\/#website\",\"url\":\"https:\/\/www.trbo.com\/\",\"name\":\"trbo GmbH\",\"description\":\"Website personalization made effortless\",\"publisher\":{\"@id\":\"https:\/\/www.trbo.com\/#organization\"},\"alternateName\":\"trbo\",\"potentialAction\":[{\"@type\":\"SearchAction\",\"target\":{\"@type\":\"EntryPoint\",\"urlTemplate\":\"https:\/\/www.trbo.com\/?s={search_term_string}\"},\"query-input\":{\"@type\":\"PropertyValueSpecification\",\"valueRequired\":true,\"valueName\":\"search_term_string\"}}],\"inLanguage\":\"de-DE\"},{\"@type\":\"Organization\",\"@id\":\"https:\/\/www.trbo.com\/#organization\",\"name\":\"trbo GmbH\",\"alternateName\":\"trbo\",\"url\":\"https:\/\/www.trbo.com\/\",\"logo\":{\"@type\":\"ImageObject\",\"inLanguage\":\"de-DE\",\"@id\":\"https:\/\/www.trbo.com\/#\/schema\/logo\/image\/\",\"url\":\"https:\/\/www.trbo.com\/wp-content\/uploads\/2023\/02\/trbo.svg\",\"contentUrl\":\"https:\/\/www.trbo.com\/wp-content\/uploads\/2023\/02\/trbo.svg\",\"width\":83,\"height\":34,\"caption\":\"trbo GmbH\"},\"image\":{\"@id\":\"https:\/\/www.trbo.com\/#\/schema\/logo\/image\/\"},\"sameAs\":[\"https:\/\/www.facebook.com\/trbo.Deutschland\",\"https:\/\/x.com\/trboDACH\",\"https:\/\/www.linkedin.com\/company\/trbo-com\/\"]},{\"@type\":\"Person\",\"@id\":\"https:\/\/www.trbo.com\/#\/schema\/person\/a0ec5c393a11f8bb6fa2c3e0193c966f\",\"name\":\"Wafaa Jlaoui\",\"url\":\"https:\/\/www.trbo.com\/de\/blog\/author\/wafaa\/\"}]}<\/script>\n<!-- \/ Yoast SEO plugin. -->","yoast_head_json":{"title":"Das Marketing legt den trbo ein: Anna Schuster verst\u00e4rkt trbo als Senior Marketing Managerin | trbo","description":"Anna Schuster verst\u00e4rkt trbo als Senior Marketing Managerin und verantwortet ab sofort den grafischen Bereich des Marketings.","robots":{"index":"index","follow":"follow","max-snippet":"max-snippet:-1","max-image-preview":"max-image-preview:large","max-video-preview":"max-video-preview:-1"},"canonical":"https:\/\/www.trbo.com\/de\/blog\/das-marketing-legt-den-trbo-ein-anna-schuster-verstaerkt-trbo-als-senior-marketing-managerin\/","og_locale":"de_DE","og_type":"article","og_title":"Das Marketing legt den trbo ein: Anna Schuster verst\u00e4rkt trbo als Senior Marketing Managerin | trbo","og_description":"Anna Schuster verst\u00e4rkt trbo als Senior Marketing Managerin und verantwortet ab sofort den grafischen Bereich des Marketings.","og_url":"https:\/\/www.trbo.com\/de\/blog\/das-marketing-legt-den-trbo-ein-anna-schuster-verstaerkt-trbo-als-senior-marketing-managerin\/","og_site_name":"trbo","article_publisher":"https:\/\/www.facebook.com\/trbo.Deutschland","article_published_time":"2020-04-09T12:18:26+00:00","article_modified_time":"2026-04-02T07:57:33+00:00","og_image":[{"width":630,"height":350,"url":"https:\/\/www.trbo.com\/wp-content\/uploads\/2023\/03\/Anna_Beitragsbild.jpg","type":"image\/jpeg"}],"author":"Wafaa Jlaoui","twitter_card":"summary_large_image","twitter_creator":"@trboDACH","twitter_site":"@trboDACH","twitter_misc":{"Verfasst von":"Wafaa Jlaoui","Gesch\u00e4tzte Lesezeit":"2 Minuten"},"schema":{"@context":"https:\/\/schema.org","@graph":[{"@type":"Article","@id":"https:\/\/www.trbo.com\/blog\/das-marketing-legt-den-trbo-ein-anna-schuster-verstaerkt-trbo-als-senior-marketing-managerin\/#article","isPartOf":{"@id":"https:\/\/www.trbo.com\/blog\/das-marketing-legt-den-trbo-ein-anna-schuster-verstaerkt-trbo-als-senior-marketing-managerin\/"},"author":{"name":"Wafaa Jlaoui","@id":"https:\/\/www.trbo.com\/#\/schema\/person\/a0ec5c393a11f8bb6fa2c3e0193c966f"},"headline":"Das Marketing legt den trbo ein: Anna Schuster verst\u00e4rkt trbo als Senior Marketing Managerin","datePublished":"2020-04-09T12:18:26+00:00","dateModified":"2026-04-02T07:57:33+00:00","mainEntityOfPage":{"@id":"https:\/\/www.trbo.com\/blog\/das-marketing-legt-den-trbo-ein-anna-schuster-verstaerkt-trbo-als-senior-marketing-managerin\/"},"wordCount":316,"commentCount":0,"publisher":{"@id":"https:\/\/www.trbo.com\/#organization"},"image":{"@id":"https:\/\/www.trbo.com\/blog\/das-marketing-legt-den-trbo-ein-anna-schuster-verstaerkt-trbo-als-senior-marketing-managerin\/#primaryimage"},"thumbnailUrl":"https:\/\/www.trbo.com\/wp-content\/uploads\/2023\/03\/Anna_Beitragsbild.jpg","keywords":["DE Original","Karriere","Marketing","Neue Mitarbeiter","Verst\u00e4rkung","Wachstum"],"articleSection":["Blog","trbo News"],"inLanguage":"de-DE","potentialAction":[{"@type":"CommentAction","name":"Comment","target":["https:\/\/www.trbo.com\/blog\/das-marketing-legt-den-trbo-ein-anna-schuster-verstaerkt-trbo-als-senior-marketing-managerin\/#respond"]}]},{"@type":"WebPage","@id":"https:\/\/www.trbo.com\/blog\/das-marketing-legt-den-trbo-ein-anna-schuster-verstaerkt-trbo-als-senior-marketing-managerin\/","url":"https:\/\/www.trbo.com\/blog\/das-marketing-legt-den-trbo-ein-anna-schuster-verstaerkt-trbo-als-senior-marketing-managerin\/","name":"Das Marketing legt den trbo ein: Anna Schuster verst\u00e4rkt trbo als Senior Marketing Managerin | trbo","isPartOf":{"@id":"https:\/\/www.trbo.com\/#website"},"primaryImageOfPage":{"@id":"https:\/\/www.trbo.com\/blog\/das-marketing-legt-den-trbo-ein-anna-schuster-verstaerkt-trbo-als-senior-marketing-managerin\/#primaryimage"},"image":{"@id":"https:\/\/www.trbo.com\/blog\/das-marketing-legt-den-trbo-ein-anna-schuster-verstaerkt-trbo-als-senior-marketing-managerin\/#primaryimage"},"thumbnailUrl":"https:\/\/www.trbo.com\/wp-content\/uploads\/2023\/03\/Anna_Beitragsbild.jpg","datePublished":"2020-04-09T12:18:26+00:00","dateModified":"2026-04-02T07:57:33+00:00","description":"Anna Schuster verst\u00e4rkt trbo als Senior Marketing Managerin und verantwortet ab sofort den grafischen Bereich des Marketings.","breadcrumb":{"@id":"https:\/\/www.trbo.com\/blog\/das-marketing-legt-den-trbo-ein-anna-schuster-verstaerkt-trbo-als-senior-marketing-managerin\/#breadcrumb"},"inLanguage":"de-DE","potentialAction":[{"@type":"ReadAction","target":["https:\/\/www.trbo.com\/blog\/das-marketing-legt-den-trbo-ein-anna-schuster-verstaerkt-trbo-als-senior-marketing-managerin\/"]}]},{"@type":"ImageObject","inLanguage":"de-DE","@id":"https:\/\/www.trbo.com\/blog\/das-marketing-legt-den-trbo-ein-anna-schuster-verstaerkt-trbo-als-senior-marketing-managerin\/#primaryimage","url":"https:\/\/www.trbo.com\/wp-content\/uploads\/2023\/03\/Anna_Beitragsbild.jpg","contentUrl":"https:\/\/www.trbo.com\/wp-content\/uploads\/2023\/03\/Anna_Beitragsbild.jpg","width":630,"height":350,"caption":"Profile picture of Anna Schuster"},{"@type":"BreadcrumbList","@id":"https:\/\/www.trbo.com\/blog\/das-marketing-legt-den-trbo-ein-anna-schuster-verstaerkt-trbo-als-senior-marketing-managerin\/#breadcrumb","itemListElement":[{"@type":"ListItem","position":1,"name":"Home","item":"https:\/\/www.trbo.com\/"},{"@type":"ListItem","position":2,"name":"Das Marketing legt den trbo ein: Anna Schuster verst\u00e4rkt trbo als Senior Marketing Managerin"}]},{"@type":"WebSite","@id":"https:\/\/www.trbo.com\/#website","url":"https:\/\/www.trbo.com\/","name":"trbo GmbH","description":"Website Personalisierung einfach gemacht","publisher":{"@id":"https:\/\/www.trbo.com\/#organization"},"alternateName":"trbo","potentialAction":[{"@type":"SearchAction","target":{"@type":"EntryPoint","urlTemplate":"https:\/\/www.trbo.com\/?s={search_term_string}"},"query-input":{"@type":"PropertyValueSpecification","valueRequired":true,"valueName":"search_term_string"}}],"inLanguage":"de-DE"},{"@type":"Organization","@id":"https:\/\/www.trbo.com\/#organization","name":"trbo GmbH","alternateName":"trbo","url":"https:\/\/www.trbo.com\/","logo":{"@type":"ImageObject","inLanguage":"de-DE","@id":"https:\/\/www.trbo.com\/#\/schema\/logo\/image\/","url":"https:\/\/www.trbo.com\/wp-content\/uploads\/2023\/02\/trbo.svg","contentUrl":"https:\/\/www.trbo.com\/wp-content\/uploads\/2023\/02\/trbo.svg","width":83,"height":34,"caption":"trbo GmbH"},"image":{"@id":"https:\/\/www.trbo.com\/#\/schema\/logo\/image\/"},"sameAs":["https:\/\/www.facebook.com\/trbo.Deutschland","https:\/\/x.com\/trboDACH","https:\/\/www.linkedin.com\/company\/trbo-com\/"]},{"@type":"Person","@id":"https:\/\/www.trbo.com\/#\/schema\/person\/a0ec5c393a11f8bb6fa2c3e0193c966f","name":"Wafaa Jlaoui","url":"https:\/\/www.trbo.com\/de\/blog\/author\/wafaa\/"}]}},"_links":{"self":[{"href":"https:\/\/www.trbo.com\/de\/wp-json\/wp\/v2\/posts\/22676","targetHints":{"allow":["GET"]}}],"collection":[{"href":"https:\/\/www.trbo.com\/de\/wp-json\/wp\/v2\/posts"}],"about":[{"href":"https:\/\/www.trbo.com\/de\/wp-json\/wp\/v2\/types\/post"}],"author":[{"embeddable":true,"href":"https:\/\/www.trbo.com\/de\/wp-json\/wp\/v2\/users\/41"}],"replies":[{"embeddable":true,"href":"https:\/\/www.trbo.com\/de\/wp-json\/wp\/v2\/comments?post=22676"}],"version-history":[{"count":0,"href":"https:\/\/www.trbo.com\/de\/wp-json\/wp\/v2\/posts\/22676\/revisions"}],"wp:featuredmedia":[{"embeddable":true,"href":"https:\/\/www.trbo.com\/de\/wp-json\/wp\/v2\/media\/22677"}],"wp:attachment":[{"href":"https:\/\/www.trbo.com\/de\/wp-json\/wp\/v2\/media?parent=22676"}],"wp:term":[{"taxonomy":"category","embeddable":true,"href":"https:\/\/www.trbo.com\/de\/wp-json\/wp\/v2\/categories?post=22676"},{"taxonomy":"post_tag","embeddable":true,"href":"https:\/\/www.trbo.com\/de\/wp-json\/wp\/v2\/tags?post=22676"}],"curies":[{"name":"wp","href":"https:\/\/api.w.org\/{rel}","templated":true}]}}